{"id":18776,"date":"2023-05-16T16:20:58","date_gmt":"2023-05-16T14:20:58","guid":{"rendered":"https:\/\/new.thinktopaz.cz\/?p=18776"},"modified":"2023-06-10T02:22:24","modified_gmt":"2023-06-10T00:22:24","slug":"klima-versus-energie","status":"publish","type":"post","link":"https:\/\/new.thinktopaz.cz\/en\/2023\/05\/16\/klima-versus-energie\/","title":{"rendered":"Klima versus energie?"},"content":{"rendered":"<figure class=\"wp-block-post-featured-image\"><img fetchpriority=\"high\" decoding=\"async\" width=\"370\" height=\"265\" src=\"https:\/\/new.thinktopaz.cz\/wp-content\/uploads\/2023\/06\/Obrazek-WhatsApp-2023-05-18-v-09.41.23-810x580-1-370x265.jpg\" class=\"attachment-post-thumbnail size-post-thumbnail wp-post-image\" alt=\"\" style=\"object-fit:cover;\" srcset=\"https:\/\/new.thinktopaz.cz\/wp-content\/uploads\/2023\/06\/Obrazek-WhatsApp-2023-05-18-v-09.41.23-810x580-1-370x265.jpg 370w, https:\/\/new.thinktopaz.cz\/wp-content\/uploads\/2023\/06\/Obrazek-WhatsApp-2023-05-18-v-09.41.23-810x580-1-300x215.jpg 300w, https:\/\/new.thinktopaz.cz\/wp-content\/uploads\/2023\/06\/Obrazek-WhatsApp-2023-05-18-v-09.41.23-810x580-1-768x550.jpg 768w, https:\/\/new.thinktopaz.cz\/wp-content\/uploads\/2023\/06\/Obrazek-WhatsApp-2023-05-18-v-09.41.23-810x580-1-600x430.jpg 600w, https:\/\/new.thinktopaz.cz\/wp-content\/uploads\/2023\/06\/Obrazek-WhatsApp-2023-05-18-v-09.41.23-810x580-1.jpg 810w\" sizes=\"(max-width: 370px) 100vw, 370px\" \/><\/figure>\n\n\n<p>Energetick\u00e1 politika by m\u011bla zajistit bezpe\u010dn\u00e9, dostupn\u00e9 a stabiln\u00ed dod\u00e1vky energie a p\u0159itom neni\u010dit \u017eivotn\u00ed prost\u0159ed\u00ed. Je takov\u00fd po\u017eadavek re\u00e1ln\u00fd a co to bude znamenat pro \u010desk\u00e9 firmy, spot\u0159ebitele a st\u00e1t?<\/p>\n\n\n\n<p>Jak\u00e1 by m\u011bla b\u00fdt modernizovan\u00e1 \u010desk\u00e1 energetick\u00e1 politika? Budou sou\u010dasn\u00e9 n\u00e1stroje sta\u010dit na boj proti klimatick\u00e9 zm\u011bn\u011b? M\u00e1me se ob\u00e1vat energetick\u00e9 chudoby?<\/p>\n\n\n\n<p>Poslanec TOP 09&nbsp;<strong>Ond\u0159ej Mat\u011bj Havel<\/strong>&nbsp;na debat\u011b v Hradci Kr\u00e1lov\u00e9 p\u0159ipraven\u00e9 na\u0161\u00edm institutem vyslovil&nbsp;<strong>jasn\u00e9 teze<\/strong>:<\/p>\n\n\n\n<ul class=\"wp-block-list\">\n<li>Velkou v\u00fdzvou pro \u010desk\u00e1 m\u011bsta bude vybudov\u00e1n\u00ed infrastruktury pro elektromobilitu na s\u00eddli\u0161t\u00edch.<\/li>\n\n\n\n<li>P\u0159\u00edstup mnoha \u017e\u00e1k\u016f a student\u016f k ekologii ukazuje, jak jsou propojeni se sv\u011btem. Ekologick\u00e9 principy dok\u00e1\u017e\u00ed realizovat i ve \u0161koln\u00edm prost\u0159ed\u00ed. I my se od nich u\u010d\u00edme.<\/li>\n\n\n\n<li>T\u00e9mata Evropsk\u00e9 unie v\u010detn\u011b klimatick\u00e9 politiky jsou u n\u00e1s op\u0159edena \u0159adou m\u00fdt\u016f. Evropskou legislativu tvo\u0159\u00edme my, nen\u00ed \u017e\u00e1dn\u00fdm dikt\u00e1tem.<\/li>\n\n\n\n<li>Obce by se m\u011bly od sebe vz\u00e1jemn\u011b u\u010dit, replikovat p\u0159\u00edklady dobr\u00e9 praxe, kter\u00e9 krom\u011b ekologick\u00e9 dimenze z\u00e1rove\u0148 zlep\u0161uj\u00ed dostupnost slu\u017eeb a sni\u017euj\u00ed n\u00e1klady.<\/li>\n<\/ul>\n\n\n\n<p><strong>Luk\u00e1\u0161 \u0158\u00e1dek<\/strong>, n\u00e1m\u011bstek prim\u00e1torky m\u011bsta Hradec Kr\u00e1lov\u00e9 pro oblast strategick\u00e9ho rozvoje, investic, ochrany klimatu, adaptace a energetiky hovo\u0159il o sv\u00fdch&nbsp;<strong>konkr\u00e9tn\u00edch zku\u0161enostech<\/strong>:<\/p>\n\n\n\n<ul class=\"wp-block-list\">\n<li>V Hradci Kr\u00e1lov\u00e9 se n\u00e1m poda\u0159ilo rychle nastartovat komun\u00e1ln\u00ed a potom i komunitn\u00ed energetiku, za\u010dneme na m\u011bstsk\u00fdch budov\u00e1ch a pozemc\u00edch.<\/li>\n\n\n\n<li>Do m\u011bst pat\u0159\u00ed co nejv\u00edc zelen\u011b. Jeden velk\u00fd strom p\u016fsob\u00ed ve m\u011bst\u011b jako klimatizace. Na rozd\u00edl od n\u00ed v\u0161ak neprodukuje teplo do exteri\u00e9ru.<\/li>\n\n\n\n<li>Spalov\u00e1n\u00edm uhlovod\u00edk\u016f z\u00edsk\u00e1v\u00e1me slune\u010dn\u00ed energii, kter\u00fd byla 300 mil. let uchov\u00e1na v chemick\u00e9 baterii (rop\u011b), ale t\u00edm p\u0159ibli\u017eujeme postupn\u011b klima dob\u011b, kdy na Antarktid\u011b spokojen\u011b \u017eili krokod\u00fdli.<\/li>\n\n\n\n<li>Zelen\u00e1 transformace se u\u017e d\u011bje. A to nikoliv proto, \u017ee ji chce Brusel nebo vybran\u00e9 sv\u011btov\u00e9 elity. D\u011bje se proto, \u017ee zm\u011bna klimatu je opravdu z\u00e1sadn\u00ed hrozba, jej\u00ed\u017e d\u016fsledky u\u017e poci\u0165ujeme.<\/li>\n\n\n\n<li>EURO 7 \u2013 Debata v \u010cR neobsahuje ochranu zdrav\u00ed ve srovn\u00e1n\u00ed se ziskovost\u00ed odv\u011btv\u00ed automotive (cenou aut). Prosazen\u00ed norem je tak\u00e9 ochranou zdrav\u00ed ob\u010dan\u016f.<\/li>\n\n\n\n<li>Oba \u0159e\u010dn\u00edci se shodli, \u017ee z\u00e1kaz spalovac\u00edch motor\u016f je v podstat\u011b zbyte\u010dn\u00fd. Elektromobilita je mnohem efektivn\u011bj\u0161\u00ed a prosadila by se i bez regulace. K masivn\u00edmu p\u0159echodu na elektromobilitu dojde v \u010cR ve chv\u00edli, kdy se za\u010dnou elektromobily kupovat jako firemn\u00ed vozy.<\/li>\n<\/ul>\n\n\n\n<p>Akce by se 11. 5. 2023 nemohla konat bez podpory&nbsp;<a href=\"https:\/\/www.hss.de\/weltweit-aktiv\/europa\/tschechien\/\">Hans Seidel Stiftung<\/a>. D\u011bkujeme.<\/p>\n\n\n\n<p>Policy Paper Rozvoj obnoviteln\u00e9 energie v \u010cesku do roku 2030:<\/p>\n\n\n\n<div data-wp-interactive=\"core\/file\" class=\"wp-block-file\"><object data-wp-bind--hidden=\"!state.hasPdfPreview\" hidden class=\"wp-block-file__embed\" data=\"https:\/\/new.thinktopaz.cz\/wp-content\/uploads\/2023\/06\/PP_2_2023.pdf\" type=\"application\/pdf\" style=\"width:100%;height:600px\" aria-label=\"Embed of PP_2_2023.\"><\/object><a id=\"wp-block-file--media-465aff47-490c-4332-bdcb-c8be86816782\" href=\"https:\/\/new.thinktopaz.cz\/wp-content\/uploads\/2023\/06\/PP_2_2023.pdf\">PP_2_2023<\/a><a href=\"https:\/\/new.thinktopaz.cz\/wp-content\/uploads\/2023\/06\/PP_2_2023.pdf\" class=\"wp-block-file__button wp-element-button\" download aria-describedby=\"wp-block-file--media-465aff47-490c-4332-bdcb-c8be86816782\">St\u00e1hnout<\/a><\/div>\n\n\n\n<figure class=\"wp-block-gallery has-nested-images columns-default is-cropped wp-block-gallery-1 is-layout-flex wp-block-gallery-is-layout-flex\">\n<figure class=\"wp-block-image size-large\"><img decoding=\"async\" width=\"300\" height=\"300\" data-id=\"18779\" src=\"https:\/\/new.thinktopaz.cz\/wp-content\/uploads\/2023\/06\/thumbnail_Image-1-300x300-1.jpg\" alt=\"\" class=\"wp-image-18779\" srcset=\"https:\/\/new.thinktopaz.cz\/wp-content\/uploads\/2023\/06\/thumbnail_Image-1-300x300-1.jpg 300w, https:\/\/new.thinktopaz.cz\/wp-content\/uploads\/2023\/06\/thumbnail_Image-1-300x300-1-150x150.jpg 150w, https:\/\/new.thinktopaz.cz\/wp-content\/uploads\/2023\/06\/thumbnail_Image-1-300x300-1-230x230.jpg 230w\" sizes=\"(max-width: 300px) 100vw, 300px\" \/><\/figure>\n\n\n\n<figure class=\"wp-block-image size-large\"><img decoding=\"async\" width=\"300\" height=\"225\" data-id=\"18781\" src=\"https:\/\/new.thinktopaz.cz\/wp-content\/uploads\/2023\/06\/20230511_185520-300x225-1.jpg\" alt=\"\" class=\"wp-image-18781\"\/><\/figure>\n\n\n\n<figure class=\"wp-block-image size-large\"><img loading=\"lazy\" decoding=\"async\" width=\"810\" height=\"580\" data-id=\"18780\" src=\"https:\/\/new.thinktopaz.cz\/wp-content\/uploads\/2023\/06\/Obrazek-WhatsApp-2023-05-18-v-09.41.23-810x580-2.jpg\" alt=\"\" class=\"wp-image-18780\" srcset=\"https:\/\/new.thinktopaz.cz\/wp-content\/uploads\/2023\/06\/Obrazek-WhatsApp-2023-05-18-v-09.41.23-810x580-2.jpg 810w, https:\/\/new.thinktopaz.cz\/wp-content\/uploads\/2023\/06\/Obrazek-WhatsApp-2023-05-18-v-09.41.23-810x580-2-300x215.jpg 300w, https:\/\/new.thinktopaz.cz\/wp-content\/uploads\/2023\/06\/Obrazek-WhatsApp-2023-05-18-v-09.41.23-810x580-2-768x550.jpg 768w, https:\/\/new.thinktopaz.cz\/wp-content\/uploads\/2023\/06\/Obrazek-WhatsApp-2023-05-18-v-09.41.23-810x580-2-370x265.jpg 370w, https:\/\/new.thinktopaz.cz\/wp-content\/uploads\/2023\/06\/Obrazek-WhatsApp-2023-05-18-v-09.41.23-810x580-2-600x430.jpg 600w\" sizes=\"(max-width: 810px) 100vw, 810px\" \/><\/figure>\n<\/figure>","protected":false},"excerpt":{"rendered":"<p>Energetick\u00e1 politika by m\u011bla zajistit bezpe\u010dn\u00e9, dostupn\u00e9 a stabiln\u00ed dod\u00e1vky energie a p\u0159itom neni\u010dit \u017eivotn\u00ed prost\u0159ed\u00ed. Je takov\u00fd po\u017eadavek re\u00e1ln\u00fd a co to bude znamenat pro \u010desk\u00e9 firmy, spot\u0159ebitele a st\u00e1t? Jak\u00e1 by m\u011bla b\u00fdt modernizovan\u00e1 \u010desk\u00e1 energetick\u00e1 politika? Budou sou\u010dasn\u00e9 n\u00e1stroje sta\u010dit na boj proti klimatick\u00e9 zm\u011bn\u011b? M\u00e1me se ob\u00e1vat energetick\u00e9 chudoby? Poslanec TOP [&hellip;]<\/p>","protected":false},"author":3,"featured_media":18777,"comment_status":"open","ping_status":"open","sticky":false,"template":"","format":"standard","meta":{"footnotes":""},"categories":[5],"tags":[],"class_list":["post-18776","post","type-post","status-publish","format-standard","has-post-thumbnail","hentry","category-aktuality"],"_links":{"self":[{"href":"https:\/\/new.thinktopaz.cz\/en\/wp-json\/wp\/v2\/posts\/18776","targetHints":{"allow":["GET"]}}],"collection":[{"href":"https:\/\/new.thinktopaz.cz\/en\/wp-json\/wp\/v2\/posts"}],"about":[{"href":"https:\/\/new.thinktopaz.cz\/en\/wp-json\/wp\/v2\/types\/post"}],"author":[{"embeddable":true,"href":"https:\/\/new.thinktopaz.cz\/en\/wp-json\/wp\/v2\/users\/3"}],"replies":[{"embeddable":true,"href":"https:\/\/new.thinktopaz.cz\/en\/wp-json\/wp\/v2\/comments?post=18776"}],"version-history":[{"count":1,"href":"https:\/\/new.thinktopaz.cz\/en\/wp-json\/wp\/v2\/posts\/18776\/revisions"}],"predecessor-version":[{"id":18782,"href":"https:\/\/new.thinktopaz.cz\/en\/wp-json\/wp\/v2\/posts\/18776\/revisions\/18782"}],"wp:featuredmedia":[{"embeddable":true,"href":"https:\/\/new.thinktopaz.cz\/en\/wp-json\/wp\/v2\/media\/18777"}],"wp:attachment":[{"href":"https:\/\/new.thinktopaz.cz\/en\/wp-json\/wp\/v2\/media?parent=18776"}],"wp:term":[{"taxonomy":"category","embeddable":true,"href":"https:\/\/new.thinktopaz.cz\/en\/wp-json\/wp\/v2\/categories?post=18776"},{"taxonomy":"post_tag","embeddable":true,"href":"https:\/\/new.thinktopaz.cz\/en\/wp-json\/wp\/v2\/tags?post=18776"}],"curies":[{"name":"wp","href":"https:\/\/api.w.org\/{rel}","templated":true}]}}