{"id":18783,"date":"2023-05-08T16:23:16","date_gmt":"2023-05-08T14:23:16","guid":{"rendered":"https:\/\/new.thinktopaz.cz\/?p=18783"},"modified":"2023-06-10T02:22:24","modified_gmt":"2023-06-10T00:22:24","slug":"debaty-v-regionech-s-hanns-seidel-stiftung","status":"publish","type":"post","link":"https:\/\/new.thinktopaz.cz\/en\/2023\/05\/08\/debaty-v-regionech-s-hanns-seidel-stiftung\/","title":{"rendered":"Debaty v regionech s Hanns Seidel Stiftung"},"content":{"rendered":"<figure class=\"wp-block-post-featured-image\"><img fetchpriority=\"high\" decoding=\"async\" width=\"370\" height=\"265\" src=\"https:\/\/new.thinktopaz.cz\/wp-content\/uploads\/2023\/06\/Jaroslav_The_scene_is_set_at_the_town_library_where_a_heated_de_520c27d2-c86e-4f01-ad03-f5f2c8ba037d-1021x580-1-370x265.png\" class=\"attachment-post-thumbnail size-post-thumbnail wp-post-image\" alt=\"\" style=\"object-fit:cover;\" \/><\/figure>\n\n\n<p>Zveme v\u00e1s t\u00e9\u017e na&nbsp;<strong>debaty v&nbsp;regionech<\/strong>, kter\u00e9 po\u0159\u00e1d\u00e1me ve spolupr\u00e1ci s&nbsp;<a href=\"https:\/\/www.facebook.com\/profile.php?id=100067962348085\"><strong>Hanns Seidel Stiftung<\/strong><\/a><strong><u>.<\/u><\/strong><\/p>\n\n\n\n<h1 class=\"wp-block-heading\"><a href=\"https:\/\/fb.me\/e\/3uH7vRtAF\"><strong>Klima versus energie?<\/strong><\/a><\/h1>\n\n\n\n<p><strong>Knihovna m\u011bsta Hradce Kr\u00e1lov\u00e9, 11. 5. od 18:00<\/strong><\/p>\n\n\n\n<p>Energetick\u00e1 politika by m\u011bla zajistit bezpe\u010dn\u00e9, dostupn\u00e9 a stabiln\u00ed dod\u00e1vky energie, a p\u0159itom neni\u010dit \u017eivotn\u00ed prost\u0159ed\u00ed. Je takov\u00fd po\u017eadavek re\u00e1ln\u00fd a co to bude znamenat pro \u010desk\u00e9 firmy, spot\u0159ebitele a st\u00e1t? Jak\u00e1 by m\u011bla b\u00fdt modernizovan\u00e1 \u010desk\u00e1 energetick\u00e1 politika? Budou sou\u010dasn\u00e9 n\u00e1stroje sta\u010dit na boj proti klimatick\u00e9 zm\u011bn\u011b? M\u00e1me se ob\u00e1vat energetick\u00e9 chudoby?<\/p>\n\n\n\n<p>P\u0159ij\u010fte diskutovat s poslancem TOP 09&nbsp;<strong>Ond\u0159ejem Mat\u011bjem Havlem<\/strong>, \u010dlenem V\u00fdboru Poslaneck\u00e9 sn\u011bmovny pro v\u011bdu, vzd\u011bl\u00e1n\u00ed, kulturu, ml\u00e1de\u017e a t\u011blov\u00fdchovu, a s&nbsp;<strong>Luk\u00e1\u0161em \u0158\u00e1dkem<\/strong>, n\u00e1m\u011bstkem prim\u00e1torky m\u011bsta Hradec Kr\u00e1lov\u00e9 pro oblast strategick\u00e9ho rozvoje, investic, ochrany klimatu, adaptace a energetiky.<\/p>\n\n\n\n<h1 class=\"wp-block-heading\"><a href=\"https:\/\/www.facebook.com\/events\/6134729626611549\"><strong>\u017deny v politice<\/strong><\/a><\/h1>\n\n\n\n<p><strong>Farma Tasov, Vyso\u010dina, 12.5. od 13:30 do 15:00<\/strong><\/p>\n\n\n\n<p>\u010cesk\u00e1 republika m\u00e1 vysokou m\u00edru zam\u011bstnanosti \u017een, ale v politice je jich ve srovn\u00e1n\u00ed se z\u00e1padn\u00ed Evropou st\u00e1le m\u00e1lo. Jak se \u017eije \u010desk\u00fdm politi\u010dk\u00e1m? Jak\u00fdm v\u00fdzv\u00e1m \u010del\u00ed? M\u016f\u017eeme podpo\u0159it vy\u0161\u0161\u00ed zastoupen\u00ed \u017een ve ve\u0159ejn\u00e9m \u017eivot\u011b a pro\u010d bychom m\u011bli? P\u0159ij\u010fte diskutovat a sd\u00edlet sv\u00e9 zku\u0161enosti se sou\u010dasnou poslankyn\u00ed a b\u00fdvalou starostkou&nbsp;<strong>Martinou Ochodnickou<\/strong>, kter\u00e1 do diskuse d\u00e1le pozvala poslankyni Michaelu \u0160ibalovou a Marii J\u00edlkovou, sen\u00e1torku Hanu \u017d\u00e1kovou a b\u00fdvalou prim\u00e1torku m\u011bsta Jihlava Karol\u00ednu Koubovou.<\/p>\n\n\n\n<h1 class=\"wp-block-heading\"><a href=\"https:\/\/fb.me\/e\/UiBoD6JV\"><strong>Vzdaluje se Brno od venkova?<\/strong><\/a><\/h1>\n\n\n\n<p><strong>Knihovna Ji\u0159\u00edho Mahena v Brn\u011b, 19.5. od 16:00<\/strong><\/p>\n\n\n\n<p>Pro\u010d vol\u00edme tak, \u017ee mnohdy nerozum\u00edme v\u00fdsledk\u016fm. A pro\u010d nepro\u0161la zm\u011bna volebn\u00edho z\u00e1kona? M\u00e1 ru\u0161en\u00ed finan\u010dn\u00edch \u00fa\u0159ad\u016f a po\u0161t vliv na kvalitu \u017eivota ve m\u011bst\u011b a na venkov\u011b? A jak udr\u017e\u00edme sport pro ka\u017ed\u00e9ho v t\u00e9to dob\u011b? O kampan\u00edch a aktu\u00e1ln\u00edch t\u00e9matech diskutovat se sen\u00e1torem TOP 09&nbsp;<strong>Tom\u00e1\u0161em T\u0159etinou<\/strong>, p\u0159edsedou podv\u00fdboru pro sport a&nbsp;<strong>Jaroslavem Pol\u00e1\u010dkem<\/strong>, analytikem TOPAZ.<\/p>\n\n\n\n<h1 class=\"wp-block-heading\"><a href=\"https:\/\/fb.me\/e\/Tff1qZqA\"><strong>EURO: pro a proti<\/strong><\/a><\/h1>\n\n\n\n<p><strong>M\u011bstsk\u00e1 knihovna Rokycany, 25. 5. 2023 od 16:00<\/strong><\/p>\n\n\n\n<p>St\u00e1ty Evropsk\u00e9 unie se v sou\u010dasn\u00e9 dob\u011b pot\u00fdkaj\u00ed s mnoha probl\u00e9my jako jsou rozvr\u00e1cen\u00e9 ve\u0159ejn\u00e9 finance, akceleruj\u00edc\u00ed inflace, nebezpe\u010d\u00ed energetick\u00e9 chudoby a sou\u010dasn\u00fd tragick\u00fd v\u00e1le\u010dn\u00fd konflikt na Ukrajin\u011b. Jak\u00fd je vztah t\u011bchto probl\u00e9m\u016f k politik\u00e1m evropsk\u00e9 centr\u00e1ln\u00ed banky? Jak\u00fd to m\u00e1 dopad na \u010cesko? Jak by euro ovlivnilo na\u0161i schopnost \u010delit podobn\u00fdm kriz\u00edm? Co by p\u0159ijet\u00ed eura znamenalo pro \u010desk\u00e9 spot\u0159ebitele, firmy a st\u00e1t?<\/p>\n\n\n\n<p>P\u0159ij\u010fte diskutovat s poslancem TOP 09&nbsp;<strong>Milo\u0161em Nov\u00fdm<\/strong>, m\u00edstop\u0159edsedou rozpo\u010dtov\u00e9ho v\u00fdboru Poslaneck\u00e9 sn\u011bmovny \u010cR, b\u00fdval\u00fdm d\u011bkanem Fakulty ekonomick\u00e9 Z\u00e1pado\u010desk\u00e9 univerzity v Plzni, autorem \u0159ady vysoko\u0161kolsk\u00fdch u\u010debnic, skript a \u010dl\u00e1nk\u016f.<\/p>","protected":false},"excerpt":{"rendered":"<p>Zveme v\u00e1s t\u00e9\u017e na&nbsp;debaty v&nbsp;regionech, kter\u00e9 po\u0159\u00e1d\u00e1me ve spolupr\u00e1ci s&nbsp;Hanns Seidel Stiftung. Klima versus energie? Knihovna m\u011bsta Hradce Kr\u00e1lov\u00e9, 11. 5. od 18:00 Energetick\u00e1 politika by m\u011bla zajistit bezpe\u010dn\u00e9, dostupn\u00e9 a stabiln\u00ed dod\u00e1vky energie, a p\u0159itom neni\u010dit \u017eivotn\u00ed prost\u0159ed\u00ed. Je takov\u00fd po\u017eadavek re\u00e1ln\u00fd a co to bude znamenat pro \u010desk\u00e9 firmy, spot\u0159ebitele a st\u00e1t? Jak\u00e1 [&hellip;]<\/p>","protected":false},"author":3,"featured_media":18784,"comment_status":"open","ping_status":"open","sticky":false,"template":"","format":"standard","meta":{"footnotes":""},"categories":[5],"tags":[],"class_list":["post-18783","post","type-post","status-publish","format-standard","has-post-thumbnail","hentry","category-aktuality"],"_links":{"self":[{"href":"https:\/\/new.thinktopaz.cz\/en\/wp-json\/wp\/v2\/posts\/18783","targetHints":{"allow":["GET"]}}],"collection":[{"href":"https:\/\/new.thinktopaz.cz\/en\/wp-json\/wp\/v2\/posts"}],"about":[{"href":"https:\/\/new.thinktopaz.cz\/en\/wp-json\/wp\/v2\/types\/post"}],"author":[{"embeddable":true,"href":"https:\/\/new.thinktopaz.cz\/en\/wp-json\/wp\/v2\/users\/3"}],"replies":[{"embeddable":true,"href":"https:\/\/new.thinktopaz.cz\/en\/wp-json\/wp\/v2\/comments?post=18783"}],"version-history":[{"count":1,"href":"https:\/\/new.thinktopaz.cz\/en\/wp-json\/wp\/v2\/posts\/18783\/revisions"}],"predecessor-version":[{"id":18785,"href":"https:\/\/new.thinktopaz.cz\/en\/wp-json\/wp\/v2\/posts\/18783\/revisions\/18785"}],"wp:featuredmedia":[{"embeddable":true,"href":"https:\/\/new.thinktopaz.cz\/en\/wp-json\/wp\/v2\/media\/18784"}],"wp:attachment":[{"href":"https:\/\/new.thinktopaz.cz\/en\/wp-json\/wp\/v2\/media?parent=18783"}],"wp:term":[{"taxonomy":"category","embeddable":true,"href":"https:\/\/new.thinktopaz.cz\/en\/wp-json\/wp\/v2\/categories?post=18783"},{"taxonomy":"post_tag","embeddable":true,"href":"https:\/\/new.thinktopaz.cz\/en\/wp-json\/wp\/v2\/tags?post=18783"}],"curies":[{"name":"wp","href":"https:\/\/api.w.org\/{rel}","templated":true}]}}