{"id":19968,"date":"2024-01-31T13:50:33","date_gmt":"2024-01-31T12:50:33","guid":{"rendered":"https:\/\/new.thinktopaz.cz\/?p=19968"},"modified":"2024-01-31T13:50:35","modified_gmt":"2024-01-31T12:50:35","slug":"zenisek-s-podporovateli-putina-se-nema-cenu-bavit-pro-radu-ukrajincu-konec-boju-neznamena-konec-vseho","status":"publish","type":"post","link":"https:\/\/new.thinktopaz.cz\/en\/2024\/01\/31\/zenisek-s-podporovateli-putina-se-nema-cenu-bavit-pro-radu-ukrajincu-konec-boju-neznamena-konec-vseho\/","title":{"rendered":"\u017den\u00ed\u0161ek: S podporovateli Putina se nem\u00e1 cenu bavit. Pro \u0159adu Ukrajinc\u016f konec boj\u016f neznamen\u00e1 konec v\u0161eho"},"content":{"rendered":"<p><em><strong>P\u0159e\u010dt\u011bte si rozhovor s p\u0159edsedou Zahrani\u010dn\u00edho v\u00fdboru Poslaneck\u00e9 sn\u011bmovny Parlamentu \u010cR a \u0159editelem TOPAZ Markem \u017den\u00ed\u0161kem, kter\u00fd pro den\u00edk FORUM 24 hovo\u0159il o v\u00e1lce na Ukrajin\u011b, mezin\u00e1rodn\u00ed bezpe\u010dnosti i n\u00e1lad\u00e1ch v \u010desk\u00e9 spole\u010dnosti.<\/strong><\/em><\/p>\n\n\n\n<p><strong>Co \u0159\u00edk\u00e1te na situaci, ke kter\u00e9 do\u0161lo v&nbsp;Karvin\u00e9 p\u0159i v\u00fdjezdu ministra vnitra Raku\u0161ana, kdy lid\u00e9 pot\u00e9, co \u0159ekl, \u017ee Rusko na Ukrajin\u011b zab\u00edj\u00ed \u017eeny a d\u011bti, za\u010dali bu\u010det a oz\u00fdvalo se tak\u00e9, \u017ee to jsou Ameri\u010dani a NATO?<\/strong><\/p>\n\n\n\n<p>Jsou to n\u00e1zory, kter\u00e9 ve spole\u010dnosti byly, jsou a jsou \u017eiveny. Podle m\u00e9 zku\u0161enosti, a\u0165 u\u017e ze soci\u00e1ln\u00edch s\u00edt\u00ed nebo odjinud, se s t\u011bmito lidmi, co maj\u00ed podobn\u00e9 n\u00e1zory, nem\u00e1 cenu bavit, proto\u017ee jim nejde o z\u00edsk\u00e1n\u00ed informac\u00ed a nen\u00ed \u0161ance je p\u0159esv\u011bd\u010dit. Tak\u017ee jsem s podivem, \u017ee u takov\u00e9ho publika pan vicepremi\u00e9r byl a sna\u017eil se jim to n\u011bjak vysv\u011btlit. Z m\u00e9ho pohledu a zku\u0161enosti je to sp\u00ed\u0161 ztr\u00e1ta \u010dasu.<\/p>\n\n\n\n<p><strong>Tak\u017ee tento krok, p\u0159esto\u017ee je to krok Starost\u016f, kte\u0159\u00ed ka\u017edop\u00e1dn\u011b pat\u0159\u00ed do koalice, nepodporujete t\u00edm zp\u016fsobem, \u017ee by m\u011bl vl\u00e1d\u011b pomoct v srozumiteln\u00e9m vysv\u011btlov\u00e1n\u00ed a p\u0159ibl\u00ed\u017een\u00ed se voli\u010d\u016fm?<\/strong><\/p>\n\n\n\n<p>Mysl\u00edm, \u017ee je to dobr\u00e1 cesta, a d\u011blaj\u00ed to v\u0161echny strany, \u017ee se sna\u017e\u00ed mluvit s lidmi nap\u0159\u00edmo. Ale v n\u011bkter\u00fdch p\u0159\u00edpadech, zejm\u00e9na t\u0159eba v t\u011bchto ot\u00e1zk\u00e1ch, znovu opakuji, m\u00e1m zku\u0161enost, \u017ee situace je n\u011bkdy vyhrocen\u00e1, n\u011bkter\u00e9 takov\u00e9 lidi se nezdr\u00e1h\u00e1m naz\u00fdvat p\u00e1tou kolonou Ruska a oni se necht\u011bj\u00ed dohodnout nebo se bavit, jen zkr\u00e1tka p\u0159i\u0161li \u0159\u00edct n\u011bjak\u00fd statement, kter\u00fd vid\u00ed na jejich internetov\u00fdch port\u00e1lech, je\u017e jsou ovlivn\u011bny ruskou propagandu.<\/p>\n\n\n\n<p><strong>A neuva\u017eovali jste<\/strong>&nbsp;<strong>tak\u00e9 o tom, \u017ee byste n\u011bjak\u00e9 debaty nebo v\u00fdjezdy organizovali spole\u010dn\u011b v&nbsp;koalici?<\/strong><\/p>\n\n\n\n<p>To je ot\u00e1zka na veden\u00ed jednotliv\u00fdch stran. Mysl\u00edm si, \u017ee ur\u010dit\u011b zase n\u011bco bude. Chystaj\u00ed se evropsk\u00e9 volby. Debaty v r\u00e1mci SPOLU byly zpo\u010d\u00e1tku, nyn\u00ed jsou ka\u017ed\u00fd rok n\u011bjak\u00e9 volby, tak\u017ee mi p\u0159ipad\u00e1, \u017ee debaty v r\u00e1mci koalice jsou.<\/p>\n\n\n\n<p>Ale co v\u00edm, tak ze strany pana vicepremi\u00e9ra o to z\u00e1jem nebyl, tak\u017ee to bude sp\u00ed\u0161e snaha, co\u017e je legitimn\u00ed, zv\u00fdraznit zna\u010dku STAN. To je pr\u00e1vo ka\u017ed\u00e9 politick\u00e9 strany a rozhodn\u011b bych mu to nevy\u010d\u00edtal.<\/p>\n\n\n\n<p><strong>\u0158ekl jste, \u017ee s&nbsp;lidmi s&nbsp;prorusk\u00fdmi n\u00e1zory se nem\u00e1 cenu bavit\u2026<\/strong><\/p>\n\n\n\n<p>Nem\u00e1. Je tam minim\u00e1ln\u00ed \u0161ance je p\u0159esv\u011bd\u010dit o tom, o co se tady jedn\u00e1. Stejn\u011b tak tomu bylo t\u0159eba v roce 1938, 1939 jinde v Evrop\u011b. Ty lidi nep\u0159esv\u011bd\u010d\u00edte. Oni si nemysl\u00ed, \u017ee to s n\u00e1mi mysl\u00ed Vladimir Putin zle. Pokud to vn\u00edmaj\u00ed t\u00edmto zp\u016fsobem, a dokonce se otev\u0159en\u011b hl\u00e1s\u00ed k tomu, \u017ee Vladimir Putin je nejlep\u0161\u00ed prezident a Z\u00e1pad je prohnil\u00fd, stoj\u00ed na druh\u00e9 stran\u011b a argumenty je nep\u0159esv\u011bd\u010d\u00edte. Oni ani p\u0159esv\u011bd\u010deni b\u00fdt necht\u011bj\u00ed, ta hra o tomhle nen\u00ed.<\/p>\n\n\n\n<h2 class=\"wp-block-heading\">\u201ePokud to vn\u00edmaj\u00ed t\u00edmto zp\u016fsobem a dokonce se otev\u0159en\u011b hl\u00e1s\u00ed k tomu, \u017ee Vladimir Putin je nejlep\u0161\u00ed prezident a Z\u00e1pad je prohnil\u00fd, stoj\u00ed na druh\u00e9 stran\u011b a argumenty je nep\u0159esv\u011bd\u010d\u00edte.\u201c<\/h2>\n\n\n\n<p><strong>A o \u010dem tedy je, respektive jak k t\u011bm lidem podle v\u00e1s p\u0159istupovat, nijak?<\/strong><\/p>\n\n\n\n<p>Minim\u00e1ln\u011b se nenechat jimi ovlivnit. Mysl\u00edm, \u017ee prvotn\u00ed p\u0159edpoklad, abychom v uvozovk\u00e1ch neprohr\u00e1li, je nenechat se pomoc\u00ed r\u016fzn\u00fdch vyfabulovan\u00fdch argument\u016f, l\u017e\u00ed, nebo dokonce opakov\u00e1n\u00edm rusk\u00e9 propagandy znejist\u011bt. O to jim jde, viz koment\u00e1\u0159, \u017ee za v\u0161e mohou Spojen\u00e9 st\u00e1ty americk\u00e9, a to je n\u011bco, co tu dlouhodob\u011b existuje, akor\u00e1t jsme k&nbsp;tomu byli liknav\u00ed a naivn\u011b si mysl\u00edme, \u017ee to hezkou debatou s nimi zm\u011bn\u00edme. Oni k&nbsp;tomu p\u0159istupuj\u00ed \u00fapln\u011b jinak a mysl\u00edm si, \u017ee se t\u00e9 na\u0161\u00ed naivn\u00ed p\u0159edstav\u011b sp\u00ed\u0161 sm\u011bj\u00ed.<\/p>\n\n\n\n<p><strong>Jak velkou roli v tom podle v\u00e1s hraje opozice?<\/strong><\/p>\n\n\n\n<p>Ka\u017ed\u00fd politik se rozhodne, o jak\u00e9 hlasy usiluje, a n\u011bkdy je to p\u0159\u00edmo vid\u011bt, a\u0165 u\u017e je to ze strany Tomia Okamury, nebo t\u0159eba i n\u011bkter\u00fdch lid\u00ed z&nbsp;hnut\u00ed ANO, kte\u0159\u00ed jdou na ruku tomu, co si n\u011bkte\u0159\u00ed lid\u00e9, o kter\u00fdch se bav\u00edme, mysl\u00ed.<\/p>\n\n\n\n<p>\u00dakolem vl\u00e1dn\u00ed v\u011bt\u0161iny je nenechat se donutit zm\u011bnit n\u00e1zor, znejistit, a naopak sna\u017eit se minim\u00e1ln\u011b udr\u017eet u t\u011bch na\u0161ich lid\u00ed, kte\u0159\u00ed jsou schopn\u00ed v uvozovk\u00e1ch akceptovat nebo porozum\u011bt, pro\u010d tak \u010din\u00edme.<\/p>\n\n\n\n<p>A te\u010f jde o ty hlavn\u00ed c\u00edle, \u017ee pokud Ukrajina padne, bude to sign\u00e1l pro v\u0161echny ostatn\u00ed dikt\u00e1tory, \u017ee Z\u00e1pad je slab\u00fd, nedodal dostatek zbran\u00ed, Ukrajina mu nest\u00e1la za to, nebo \u017ee je to bl\u00ed\u017e k na\u0161im hranic\u00edm. D\u00e1l, \u017ee je to prov\u011b\u0159en\u00e1 taktika ze strany Vladimira Putina, obsadit nejd\u0159\u00edve jednu zemi, Gruzii, pak zkusit \u010d\u00e1st Ukrajiny a tak d\u00e1l, je to sal\u00e1mov\u00e1 metoda. A \u017ee jedin\u00e1 varianta je skute\u010dn\u011b nedovolit, aby to pokra\u010dovalo d\u00e1l, a Ukrajinci n\u00e1m t\u00edm d\u00e1vaj\u00ed \u0161anci, abychom m\u011bli \u010das se l\u00e9pe p\u0159ipravit.<\/p>\n\n\n\n<p>Mysl\u00edm, \u017ee to ned\u011bl\u00e1me jenom kv\u016fli Rusku, ale obecn\u011b kv\u016fli jak\u00fdmkoliv hrozb\u00e1m. Evropa na to sama p\u0159ipravena nen\u00ed, je z\u00e1visl\u00e1 na USA, co se t\u00fdk\u00e1 obrany v r\u00e1mci NATO. Pokud bych na to m\u011bl nahl\u00ed\u017eet t\u00edmto zp\u016fsobem, Ukrajinci n\u00e1m d\u00e1vaj\u00ed \u010das se l\u00e9pe p\u0159ipravit na hrozby, kter\u00fdm m\u016f\u017eeme \u010delit. Jde o budov\u00e1n\u00ed na\u0161ich arm\u00e1d, aby byly v&nbsp;podob\u011b, v&nbsp;jak\u00e9 maj\u00ed b\u00fdt, k \u010demu\u017e jsme se zav\u00e1zali t\u0159eba i p\u0159i vstupu do NATO, a dodnes tyto z\u00e1vazky n\u011bkte\u0159\u00ed nepln\u00ed. Ukrajina n\u00e1m nab\u00edz\u00ed v uvozovk\u00e1ch \u00fa\u017easn\u00fd obchod \u2013 dejte n\u00e1m, co pot\u0159ebujeme, v\u00fdm\u011bnou za to, \u017ee nemus\u00edte v\u00e1l\u010dit.<\/p>\n\n\n\n<p><strong>Co v t\u00e9 souvislosti \u0159\u00edk\u00e1te na aktu\u00e1ln\u00ed v\u00fdvoj ze strany USA a Evropsk\u00e9 unie, kdy je pomoc blokovan\u00e1 Kongresem nebo Ma\u010farskem?<\/strong><\/p>\n\n\n\n<p>Je to smutn\u00e9, na druhou stranu s&nbsp;lep\u0161\u00edm pl\u00e1nem zat\u00edm nikdo nep\u0159i\u0161el, tak\u017ee plat\u00ed, \u017ee se mus\u00edme sna\u017eit o to, aby to zablokovan\u00e9 nebylo. Pokud ze strany USA budou finance blokov\u00e1ny neust\u00e1le, o to v\u00edce mus\u00ed p\u0159isp\u011bt n\u011bkdo jin\u00fd; a kdo jin\u00fd by to m\u011bl ud\u011blat ne\u017e ten, koho se to t\u00fdk\u00e1 bezprost\u0159edn\u011b a nejv\u00edc, a to je Evropsk\u00e1 unie.<\/p>\n\n\n\n<blockquote class=\"wp-block-quote is-layout-flow wp-block-quote-is-layout-flow\">\n<h2 class=\"wp-block-heading\">\u201eUkrajinci n\u00e1m d\u00e1vaj\u00ed \u010das se l\u00e9pe p\u0159ipravit na hrozby, kter\u00fdm m\u016f\u017eeme \u010delit.\u201c<\/h2>\n<\/blockquote>\n\n\n\n<p><strong>Alexandr Vondra \u0159ekl v europarlamentu, \u017ee je v Evrop\u011b c\u00edtit \u00fanava a letargie. Souhlasil byste s n\u00edm?<\/strong><\/p>\n\n\n\n<p>Rozum\u00edm, co cht\u011bl \u0159\u00edct. Na jedn\u00e9 stran\u011b je to pravda, na druhou stranu si vzpom\u00edn\u00e1m, jak\u00e1 byla situace a n\u00e1lada v&nbsp;Evrop\u011b p\u00e1r dn\u00ed po za\u010d\u00e1tku invaze. Kdy\u017e to vezmu zp\u011btn\u011b, z&nbsp;pohledu, co se za ty dva roky odehr\u00e1lo, a ve srovn\u00e1n\u00ed s t\u00edm, jak to vypadalo na za\u010d\u00e1tku, rozhodn\u011b se o n\u011bjak\u00e9 \u00fanav\u011b nem\u016f\u017eeme bavit. Vzpome\u0148te si na debaty, kdy n\u011bkter\u00e9 evropsk\u00e9 zem\u011b odm\u00edtaly v\u016fbec diskutovat o tom, \u017ee by se vypnul bankovn\u00ed syst\u00e9m SWIFT, nebo odm\u00edtaly dod\u00e1vat na Ukrajinu zbran\u011b, proto\u017ee by to podle nich bylo roz\u0161\u00ed\u0159en\u00ed konfliktu a p\u0159izn\u00e1n\u00ed, \u017ee jsme do n\u011bj tak\u00e9 zata\u017eeni. Dnes dod\u00e1v\u00e1me zbran\u011b, jak m\u016f\u017eeme, a mus\u00edme v tom pokra\u010dovat.<\/p>\n\n\n\n<p>Ch\u00e1pu v\u00fdroky, \u017ee nad\u0161en\u00ed opadlo, nebo \u017ee nen\u00ed vid\u011bt sv\u011btlo na konci tunelu, proto\u017ee si lid\u00e9 p\u0159edstavovali, \u017ee v jednadvac\u00e1t\u00e9m stolet\u00ed mus\u00ed b\u00fdt konflikty t\u0159\u00eddenn\u00ed nebo t\u0159\u00edm\u011bs\u00ed\u010dn\u00ed. Ukazuje se ale, \u017ee mohou trvat dlouho, a Z\u00e1pad na to asi nen\u00ed p\u0159ipraven.<\/p>\n\n\n\n<p>Tak\u017ee unavenost v&nbsp;n\u011bkter\u00fdch p\u0159\u00edpadech je vid\u011bt i s ohledem na to, \u017ee se situace na front\u011b dlouho nem\u011bn\u00ed. N\u011bkte\u0159\u00ed m\u011bli jin\u00e9 p\u0159edstavy, ale s\u00e1m pro sebe se v\u017edy uklid\u0148uji t\u00edm, \u017ee si vzpomenu, jak to vypadalo na za\u010d\u00e1tku, a objektivn\u011b mus\u00edm hodnotit, \u017ee slovo \u00fanava nem\u016f\u017eeme pou\u017e\u00edt.<\/p>\n\n\n\n<p><strong>Jak by v Evropsk\u00e9 unii mohl zam\u00edchat kartami Robert Fico jako spojenec Viktora Orb\u00e1na?<\/strong><\/p>\n\n\n\n<p>Mysl\u00edm si, \u017ee velmi siln\u011b. Evropsk\u00e1 unie m\u00e1 ale ohromn\u00fd n\u00e1stroj, jak to zvl\u00e1dnout, a\u0165 u\u017e s premi\u00e9rem Ficem, nebo s premi\u00e9rem Orb\u00e1nem, a to jsou finan\u010dn\u00ed prost\u0159edky. Pokud by \u0161li p\u0159\u00edmo proti spole\u010dn\u00e9 zahrani\u010dn\u00ed a bezpe\u010dnostn\u00ed politice a tomu, co naz\u00fdv\u00e1me konsenzem EU j\u00edt p\u0159\u00edmo, EU m\u00e1 n\u00e1stroj, a to finan\u010dn\u00ed podporu jednotliv\u00fdch zem\u00ed. Na to oni sly\u0161\u00ed. Dokonce bych si troufl \u0159\u00edct, \u017ee s&nbsp;t\u00edm Orb\u00e1n po\u010d\u00edt\u00e1 a bere to jako hru, obchod. V\u017edy toti\u017e kousek ustoup\u00ed, kdy\u017e se mu proplat\u00ed n\u011bjak\u00e9 dotace. Fico bude asi stejn\u00fd p\u0159\u00edpad. Rozhodn\u011b ale neplat\u00ed, co jsem sl\u00fdch\u00e1val p\u0159ed volbami na Slovensku, \u017ee to, co \u0159\u00edk\u00e1 ve volebn\u00ed kampani, je jen kampa\u0148 a pak se bude chovat racion\u00e1ln\u011b. Naopak to bude velmi slo\u017eit\u00e9 a Evropa na to mus\u00ed b\u00fdt p\u0159ipravena.<\/p>\n\n\n\n<p><strong>V \u010dem by se tedy situace mohla je\u0161t\u011b zhor\u0161it?<\/strong><\/p>\n\n\n\n<p>T\u0159eba vid\u00edme, \u017ee Slovensku nevad\u00ed, \u017ee nap\u0159\u00edklad soukrom\u00fd sektor dod\u00e1v\u00e1 zbran\u011b na Ukrajinu. Fico toti\u017e hovo\u0159\u00ed o t\u011bch vl\u00e1dn\u00edch zbran\u00edch, kter\u00fdch u\u017e stejn\u011b nem\u011bli mnoho k&nbsp;nab\u00eddnut\u00ed. Tak\u017ee m\u016f\u017ee p\u0159istoupit je\u0161t\u011b k \u0159ad\u011b krok\u016f, kter\u00e9 by mohly situaci zt\u00ed\u017eit. Co pova\u017euji za hor\u0161\u00ed, je, \u017ee te\u010f jsou v unii dva, kte\u0159\u00ed unisono pln\u00ed \u00fakol ze strany Kremlu, a to je nahlod\u00e1v\u00e1n\u00ed jednoty a d\u016fv\u011bry, \u017ee to, co d\u011bl\u00e1me, m\u00e1 smysl. Proto ten jeho akcent, \u017ee nad&nbsp;Ruskem nejde vyhr\u00e1t vojensky, \u017ee se mus\u00edme dohodnout za ka\u017edou cenu. V podstat\u011b opakuje to, co u\u017e dva roky \u0159\u00edk\u00e1 Viktor Orb\u00e1n.<\/p>\n\n\n\n<p><strong>M\u011bla by podle v\u00e1s \u010cesk\u00e1 republika dod\u00e1vat Ukrajin\u011b je\u0161t\u011b v\u00edce zbran\u00ed a finan\u010dn\u00edch prost\u0159edk\u016f?<\/strong><\/p>\n\n\n\n<p>\u010cesk\u00e1 republika nen\u00ed t\u00edm, kdo by se m\u011bl styd\u011bt za to, jak Ukrajin\u011b pom\u00e1h\u00e1. Naopak. Pokud jsou dal\u0161\u00ed mo\u017enosti a kapacity ze strany zbran\u00ed, ur\u010dit\u011b si mysl\u00edm, \u017ee bychom k tomu p\u0159istoupit m\u011bli. M\u00e1m plnou d\u016fv\u011bru v sou\u010dasn\u00e9 veden\u00ed ministerstva obrany.<\/p>\n\n\n\n<p>Evropa si nav\u00edc kone\u010dn\u011b uv\u011bdomila, \u017ee to nemus\u00ed b\u00fdt jen o Ukrajin\u011b. Budujeme arm\u00e1dy, kone\u010dn\u011b m\u00e1me t\u0159eba vybudovanou n\u011bjakou modern\u00ed \u010d\u00e1st, ale v podob\u011b m\u00edrov\u00e9. To znamen\u00e1, \u017ee ji m\u00e1me k dispozici, ale nen\u00ed pro v\u00e1le\u010dn\u00e9 obdob\u00ed. P\u016flka techniky by p\u0159i nasazen\u00ed byla b\u011bhem n\u011bkolika m\u00e1lo m\u011bs\u00edc\u016f t\u0159eba zni\u010dena. Je pot\u0159eba m\u00edt i dostate\u010dn\u00e9 z\u00e1soby. Dnes se ukazuje, \u017ee pomoc Ukrajin\u011b byla ze z\u00e1sob, a ty nejsou \u00fapln\u011b dostate\u010dn\u00e9, co\u017e m\u016f\u017ee b\u00fdt bud\u00ed\u010dkem pro celou Evropu. Arm\u00e1dy mus\u00ed b\u00fdt zkr\u00e1tka \u00fapln\u011b v jin\u00e9m stavu, ne\u017e tomu bylo. Pokud chce b\u00fdt evropsk\u00fd pil\u00ed\u0159 NATO sou\u010d\u00e1st\u00ed aliance a neb\u00fdt tolik z\u00e1visl\u00fd na p\u0159\u00edpadn\u00e9 politick\u00e9 situaci v Turecku nebo v&nbsp;USA, mus\u00ed m\u00edt kapacity na takov\u00e9 \u00farovni, aby mohl n\u011bkter\u00e9 v\u011bci \u0159e\u0161it s\u00e1m.<\/p>\n\n\n\n<p><strong>M\u011bla by m\u00edt podle v\u00e1s EU svou arm\u00e1du?<\/strong><\/p>\n\n\n\n<p>Ne. Mysl\u00edm, \u017ee to je \u0159e\u0161en\u00ed probl\u00e9mu odzadu. NATO m\u00e1 spoustu \u010dlensk\u00fdch zem\u00ed, jejich\u017e arm\u00e1dy nejsou na dostate\u010dn\u00e9 \u00farovni, a i kdyby byly, stejn\u011b budeme z velk\u00e9 \u010d\u00e1sti z\u00e1visl\u00ed nap\u0159\u00edklad na USA. Tak\u017ee by v&nbsp;prvn\u00ed \u0159ad\u011b m\u011bly b\u00fdt v\u0161echny arm\u00e1dy \u010dlensk\u00fdch zem\u00ed na \u0161pi\u010dkov\u00e9 \u00farovni a neplnit jen ta 2 %, proto\u017ee ta jsou pro situaci m\u00edru. A teprve a\u017e potom se mohu bavit o n\u011b\u010dem nov\u00e9m. To nov\u00e9 by mi te\u010f od\u010derpalo pouze finan\u010dn\u00ed prost\u0159edky a v\u00fdsledkem by byla slab\u00e1 evropsk\u00e1 arm\u00e1da a slab\u00e9 arm\u00e1dy jednotliv\u00fdch zem\u00ed.<\/p>\n\n\n\n<p>V\u016fbec ten samotn\u00fd koncept, \u017ee vybuduji novou evropskou arm\u00e1du jako samostatnou jednotku, je \u0161patn\u00e1 cesta.<\/p>\n\n\n\n<p>Pokud by m\u011bla b\u00fdt k dispozici n\u011bkdy n\u011bjak\u00e1 arm\u00e1da, m\u011bla by b\u00fdt slo\u017eena z jednotliv\u00fdch arm\u00e1d \u010dlensk\u00fdch zem\u00ed, jak je tomu nap\u0159\u00edklad v&nbsp;p\u0159\u00edpad\u011b NATO.<\/p>\n\n\n\n<p>Proto \u0159\u00edk\u00e1m, ud\u011blejme v\u0161echno pro to, aby evropsk\u00fd pil\u00ed\u0159 v r\u00e1mci NATO byl natolik dostate\u010dn\u00fd, aby pak t\u0159eba n\u011bkter\u00e9 zem\u011b byly schopny samy ve vz\u00e1jemn\u00e9 spolupr\u00e1ci plnit \u00fakoly, ani\u017e by se ohl\u00ed\u017eely na priority Turecka nebo USA.<\/p>\n\n\n\n<p><strong>Jak byste zhodnotil aktu\u00e1ln\u00ed situaci na Ukrajin\u011b?<\/strong><\/p>\n\n\n\n<p>Mnoz\u00ed o\u010dek\u00e1vali, \u017ee ofenz\u00edva bude m\u00edt v\u011bt\u0161\u00ed v\u00fdsledky u\u017e jen proto, \u017ee se domn\u00edvali, \u017ee se tam poslal dostatek zbran\u00ed, co\u017e mus\u00ed zvr\u00e1tit situaci na front\u011b. J\u00e1 to \u010dtu tak, \u017ee d\u00edky t\u011bm dod\u00e1vk\u00e1m naopak nen\u00ed situace je\u0161t\u011b hor\u0161\u00ed a Putin nen\u00ed v&nbsp;Kyjev\u011b.<\/p>\n\n\n\n<p>Evropa do sv\u00e9ho slovn\u00edku mus\u00ed za\u0159adit i to, \u017ee to zkr\u00e1tka m\u016f\u017ee b\u00fdt dlouhodob\u00e1 pomoc a konflikt, n\u011bco, na co nen\u00ed ani politicky p\u0159ipraven\u00e1. Evropu to mus\u00ed probudit, nen\u00ed to jen o rusk\u00e9m agresorovi.<\/p>\n\n\n\n<p>Co m\u011b n\u011bkdy d\u011bs\u00ed, je, \u017ee n\u011bkte\u0159\u00ed doufaj\u00ed, \u017ee kdy\u017e se situace na Ukrajin\u011b vy\u0159e\u0161\u00ed, nastane obdob\u00ed m\u00edru a budeme moci vynakl\u00e1dat finan\u010dn\u00ed prost\u0159edky na n\u011bco jin\u00e9ho a arm\u00e1dy budou zase 30 let a\u017e p\u00e1tou prioritou. To mus\u00ed Evropa p\u0159ehodnotit a mysl\u00edm, \u017ee se tato naivn\u00ed p\u0159edstava m\u011bn\u00ed, co\u017e je dob\u0159e.<\/p>\n\n\n\n<p><strong>Jak se podle v\u00e1s v\u00e1lka vyvine v tomto roce?<\/strong><\/p>\n\n\n\n<p>Vych\u00e1z\u00edme z toho, \u017ee se rusk\u00e9 velen\u00ed p\u0159ipravuje na ofenzivu a dlouhodob\u00fd konflikt, p\u0159eskupuje jednotky, produkuje zbran\u011b, m\u00e1 v\u00e1le\u010dnou ekonomiku a rozhodn\u011b ned\u00e1v\u00e1 sv\u011btu \u017e\u00e1dn\u00fd argument, \u017ee by p\u0159estali. Naopak, a dopadne to tak, jak budeme p\u0159ipraveni a odhodl\u00e1ni pom\u00e1hat. Nen\u00ed nic mezi t\u00edm. Bu\u010f se n\u011bkdo rozhodne a bude tla\u010dit na to, \u017ee u\u017e to je dlouh\u00e9, donut\u00ed Ukrajinu kapitulovat a budeme naivn\u011b v\u011b\u0159it, \u017ee se Putin zastav\u00ed, a \u017ee t\u00edm zajist\u00edme m\u00edr v Evrop\u011b, co\u017e si d\u00edky bohu v\u011bt\u0161ina nemysl\u00ed, zat\u00edm to d\u011bl\u00e1 jenom Fico a Orb\u00e1n, nebo nezb\u00fdv\u00e1 nic jin\u00e9ho ne\u017e bojovat d\u00e1l.<\/p>\n\n\n\n<h2 class=\"wp-block-heading\">\u201eKdy\u017e to vezmu zp\u011btn\u011b, co se za posledn\u00ed dva roky odehr\u00e1lo, a ve srovn\u00e1n\u00ed s t\u00edm, jak to vypadalo na za\u010d\u00e1tku, rozhodn\u011b se nem\u016f\u017eeme bavit o \u00fanav\u011b.\u201c<\/h2>\n\n\n\n<p><strong>Tak\u017ee nehroz\u00ed, \u017ee se bude muset Ukrajina br\u00e1nit lopatami, jak \u0159ekl ukrajinsk\u00fd ministr zahrani\u010d\u00ed?<\/strong><\/p>\n\n\n\n<p>To ur\u010dit\u011b ne, to by byla prohra cel\u00e9ho Z\u00e1padu.<\/p>\n\n\n\n<p><strong>Jak problematicky vid\u00edte, \u017ee Ukrajina je\u0161t\u011b nep\u0159ijala nov\u00fd z\u00e1kon o mobilizaci?<\/strong><\/p>\n\n\n\n<p>Objektivn\u011b z&nbsp;pohledu \u010dist\u011b vojensk\u00e9 strategie je evidentn\u00ed, \u017ee Putin m\u00e1 k dispozici v\u011bt\u0161\u00ed po\u010det lidsk\u00fdch zdroj\u016f ne\u017e Ukrajina. Na druhou stranu mobilizace je citliv\u00e9 t\u00e9ma dovnit\u0159 spole\u010dnosti a nediv\u00edm se, \u017ee s t\u00edm Ukrajina v\u00e1h\u00e1. Kdy\u017e jsem tam byl naposledy, debatovalo se o tom, \u017ee je spousta bojeschopn\u00fdch lid\u00ed na \u00fazem\u00ed EU a jak se k&nbsp;nim dostat. Neum\u00edm si p\u0159edstavit, \u017ee bych u n\u00e1s potkal mlad\u00e9ho Ukrajince a \u0159ekl bych mu \u2013 bojujete za n\u00e1s, tak se vra\u0165. Je to ne\u0159e\u0161iteln\u00e9, p\u0159esto\u017ee to \u010d\u00edslo je obrovsk\u00e9.<\/p>\n\n\n\n<p><strong>Napsal jste, \u017ee pokud nezastav\u00edme Rusko te\u010f, bude to pro n\u00e1s jen a jen hor\u0161\u00ed. Kreml nep\u0159estane s agresivitou, dokud nedostane lekci. Jak takov\u00e1 lekce podle v\u00e1s vypad\u00e1?<\/strong><\/p>\n\n\n\n<p>Minim\u00e1ln\u011b v&nbsp;tom smyslu, \u017ee se mu nepoda\u0159\u00ed dos\u00e1hnout toho, co cht\u011bl. Zat\u00edm se mu to poda\u0159ilo v\u017edy a pro\u0161lo mu to. Jak\u00e1koliv jin\u00e1 varianta pro n\u00e1s bude v\u017edy ve fin\u00e1le dra\u017e\u0161\u00ed a bolestiv\u011bj\u0161\u00ed. To je objektivn\u00ed fakt, kter\u00fd mus\u00ed p\u0159iznat i moji politi\u010dt\u00ed soupe\u0159i. Na\u0161e pomoc je mal\u00e1 \u010d\u00e1stka oproti tomu, co bychom museli platit a vynakl\u00e1dat a ob\u011btovat, kdyby se konflikt p\u0159esunul je\u0161t\u011b bl\u00ed\u017e. To je hlavn\u00ed motor, pro\u010d se ho sna\u017e\u00edme na Ukrajin\u011b zastavit. Mysl\u00edm, \u017ee se to zat\u00edm da\u0159\u00ed, a my mus\u00edme vytrvat. Putin u\u017e m\u00e1 te\u010f c\u00edle men\u0161\u00ed.<\/p>\n\n\n\n<p>Pak je cel\u00e1 \u0159ada oblast\u00ed, kter\u00e9 se pot\u00e1hnou. Jestli si n\u011bkdo mysl\u00ed, \u017ee se ud\u011bl\u00e1 dohoda s Vladimirem Putinem a za n\u00ed tlust\u00e1 \u010d\u00e1ra, \u017ee by byl m\u00edr a nev\u00e1l\u010dilo se, tak pro Ukrajinu, ani pro m\u011b osobn\u011b, to konec nebude.<\/p>\n\n\n\n<p>Pro \u0159adu Ukrajinc\u016f konec boj\u016f neznamen\u00e1 konec v\u0161eho. Je tam spousta ukraden\u00fdch a odvle\u010den\u00fdch d\u011bt\u00ed do Ruska, ty maj\u00ed rodiny, a to se mus\u00ed \u0159e\u0161it. Pro v\u011bt\u0161inu z&nbsp;nich p\u0159edstava, \u017ee by ti, kte\u0159\u00ed dali p\u0159\u00edm\u00fd rozkaz k vra\u017ed\u00e1m a zn\u00e1sil\u0148ov\u00e1n\u00ed, nebyli t\u0159eba i v nep\u0159\u00edtomnosti odsouzeni, je nep\u0159edstaviteln\u00e1. To je n\u011bco, co si tu mus\u00edme otev\u0159en\u011b tak\u00e9 \u0159\u00edkat a nic si nenalh\u00e1vat. Kdyby se kone\u010dn\u011b ud\u011blala n\u011bjak\u00e1 dohoda t\u0159eba i za podpory Kyjeva, nebude to jen o konci boj\u016f. Kreml za\u0161el tak daleko, \u017ee sv\u011bt nem\u016f\u017ee ud\u011blat tlustou \u010d\u00e1ru.<\/p>\n\n\n\n<p>MAREK \u017dEN\u00cd\u0160EK, P\u0158EDSEDA ZAHRANI\u010cN\u00cdHO V\u00ddBORU A POSLANEC TOP 09,&nbsp;<a href=\"https:\/\/www.forum24.cz\/je-jednodussi-letet-do-ceska-nez-volit-na-ambasade-to-je-nutne-zmenit\" target=\"_blank\" rel=\"noreferrer noopener\">FORUM24<\/a>, 30. 1. 2024, AUTORKA \u010cL\u00c1NKU: TEREZA H\u00dcBSCHEROV\u00c1<\/p>","protected":false},"excerpt":{"rendered":"<p>P\u0159e\u010dt\u011bte si rozhovor s p\u0159edsedou Zahrani\u010dn\u00edho v\u00fdboru Poslaneck\u00e9 sn\u011bmovny Parlamentu \u010cR a \u0159editelem TOPAZ Markem \u017den\u00ed\u0161kem, kter\u00fd pro den\u00edk FORUM 24 hovo\u0159il o v\u00e1lce na Ukrajin\u011b, mezin\u00e1rodn\u00ed bezpe\u010dnosti i n\u00e1lad\u00e1ch v \u010desk\u00e9 spole\u010dnosti. Co \u0159\u00edk\u00e1te na situaci, ke kter\u00e9 do\u0161lo v&nbsp;Karvin\u00e9 p\u0159i v\u00fdjezdu ministra vnitra Raku\u0161ana, kdy lid\u00e9 pot\u00e9, co \u0159ekl, \u017ee Rusko na Ukrajin\u011b [&hellip;]<\/p>","protected":false},"author":6,"featured_media":19969,"comment_status":"closed","ping_status":"closed","sticky":false,"template":"","format":"standard","meta":{"footnotes":""},"categories":[5],"tags":[],"class_list":["post-19968","post","type-post","status-publish","format-standard","has-post-thumbnail","hentry","category-aktuality"],"_links":{"self":[{"href":"https:\/\/new.thinktopaz.cz\/en\/wp-json\/wp\/v2\/posts\/19968","targetHints":{"allow":["GET"]}}],"collection":[{"href":"https:\/\/new.thinktopaz.cz\/en\/wp-json\/wp\/v2\/posts"}],"about":[{"href":"https:\/\/new.thinktopaz.cz\/en\/wp-json\/wp\/v2\/types\/post"}],"author":[{"embeddable":true,"href":"https:\/\/new.thinktopaz.cz\/en\/wp-json\/wp\/v2\/users\/6"}],"replies":[{"embeddable":true,"href":"https:\/\/new.thinktopaz.cz\/en\/wp-json\/wp\/v2\/comments?post=19968"}],"version-history":[{"count":1,"href":"https:\/\/new.thinktopaz.cz\/en\/wp-json\/wp\/v2\/posts\/19968\/revisions"}],"predecessor-version":[{"id":19970,"href":"https:\/\/new.thinktopaz.cz\/en\/wp-json\/wp\/v2\/posts\/19968\/revisions\/19970"}],"wp:featuredmedia":[{"embeddable":true,"href":"https:\/\/new.thinktopaz.cz\/en\/wp-json\/wp\/v2\/media\/19969"}],"wp:attachment":[{"href":"https:\/\/new.thinktopaz.cz\/en\/wp-json\/wp\/v2\/media?parent=19968"}],"wp:term":[{"taxonomy":"category","embeddable":true,"href":"https:\/\/new.thinktopaz.cz\/en\/wp-json\/wp\/v2\/categories?post=19968"},{"taxonomy":"post_tag","embeddable":true,"href":"https:\/\/new.thinktopaz.cz\/en\/wp-json\/wp\/v2\/tags?post=19968"}],"curies":[{"name":"wp","href":"https:\/\/api.w.org\/{rel}","templated":true}]}}