{"id":20664,"date":"2024-03-01T09:58:01","date_gmt":"2024-03-01T08:58:01","guid":{"rendered":"https:\/\/new.thinktopaz.cz\/?p=20664"},"modified":"2024-09-10T12:40:04","modified_gmt":"2024-09-10T10:40:04","slug":"snatky-pro-vsechny-komentar-poslankyne-martiny-ochodnicke-k-nove-legislative","status":"publish","type":"post","link":"https:\/\/new.thinktopaz.cz\/en\/2024\/03\/01\/snatky-pro-vsechny-komentar-poslankyne-martiny-ochodnicke-k-nove-legislative\/","title":{"rendered":"S\u0148atky pro v\u0161echny? Koment\u00e1\u0159 poslankyn\u011b Martiny Ochodnick\u00e9 k nov\u00e9 legislativ\u011b"},"content":{"rendered":"<p>Ten legislativn\u00ed p\u0159\u00edb\u011bh byl n\u00e1ro\u010dn\u00fd. Nic v kontrastu s t\u00edm, jak\u00fdm p\u0159ek\u00e1\u017ek\u00e1m \u010del\u00ed ti, kter\u00fdch se to bezprost\u0159edn\u011b t\u00fdk\u00e1.<\/p>\n\n\n\n<p>\u201eMan\u017eelstv\u00ed pro v\u0161echny\u201c nepro\u0161lo sn\u011bmovnou. Pro\u0161la pom\u011brn\u011b velk\u00e1 zm\u011bna v ka\u017edodenn\u00edch starostech t\u011bch, kte\u0159\u00ed u\u017e to samo o sob\u011b maj\u00ed t\u011b\u017e\u0161\u00ed. P\u0159esto nen\u00ed d\u016fvod slavit.<\/p>\n\n\n\n<p>Kdy\u017e jsme p\u0159ed rokem a p\u016fl \u0159e\u0161ili, zda se do toho pustit, jakou m\u00e1me \u0161anci a jak na to, netu\u0161ili jsme, co n\u00e1s \u010dek\u00e1. Jen za\u0159azen\u00ed na program bylo tehdy z \u0159\u00ed\u0161e sci-fi. A kdy\u017e se to poda\u0159ilo, bylo to poprv\u00e9 a naposledy, kdy jsme se opravdu up\u0159\u00edmn\u011b radovali. P\u0159i\u0161lo dokonce i \u00fastavn\u00ed zakotven\u00ed man\u017eelstv\u00ed jen pro mu\u017ee a \u017eenu. Ka\u017ed\u00fd dal\u0161\u00ed krok u\u017e byl jenom t\u011b\u017e\u0161\u00ed.<\/p>\n\n\n\n<p>Rok a p\u016fl jsme se sna\u017eili dos\u00e1hnout \u00fapln\u00e9 rovnosti. Proto\u017ee to tak prost\u011b m\u00e1me, proto\u017ee to tak c\u00edt\u00edme. Proto\u017ee v\u011b\u0159\u00edme tomu, \u017ee v takov\u00e9m sv\u011bt\u011b chceme \u017e\u00edt a chceme, aby v n\u011bm vyr\u016fstaly na\u0161e d\u011bti a \u017eili na\u0161i kamar\u00e1di.<\/p>\n\n\n\n<p>Jsem moc r\u00e1da, \u017ee TOP 09 hlasy v\u0161ech sv\u00fdch poslanc\u016f podpo\u0159ila jak prvn\u00ed hlasovan\u00fd n\u00e1vrh na v\u0161echna pr\u00e1va se zm\u011bnou n\u00e1zvu z man\u017eelstv\u00ed na partnerstv\u00ed, tak i pro mnoh\u00e9 z n\u00e1s velmi bolestiv\u00fd kompromis, kter\u00fd byl nakonec tak\u00e9 na\u0161imi \u010dtrn\u00e1cti hlasy schv\u00e1len. Na\u0161i podporu by m\u011bl i p\u016fvodn\u00ed n\u00e1vrh na man\u017eelstv\u00ed pro v\u0161echny.<\/p>\n\n\n\n<p>Politika je um\u011bn\u00ed mo\u017en\u00e9ho. Tentokr\u00e1t nebylo mo\u017en\u00e9 dok\u00e1zat v\u00edce. A nem\u00e1 cenu se tv\u00e1\u0159it jinak. Pro skute\u010dnou podporu rovnosti bylo zhruba 67 poslanc\u016f ze 186 p\u0159\u00edtomn\u00fdch. Pozn\u00e1te to z tohoto hlasov\u00e1n\u00ed, kter\u00e9 zahrnovalo \u201epouhou\u201c zm\u011bnu n\u00e1zvu, jinak v\u0161echna pr\u00e1va i povinnosti, jak\u00e9 maj\u00ed heterosexu\u00e1ln\u00ed man\u017eel\u00e9. (hlasov\u00e1n\u00ed naleznete&nbsp;<a href=\"https:\/\/www.psp.cz\/sqw\/hlasy.sqw?G=82529&amp;fbclid=IwAR2_y-qf9I25-ygzu7E75eUt4VpbcHyymxLSTiJj_8myFZZnF_k-NW5s7XU\">zde<\/a>)<\/p>\n\n\n\n<p>Ale pro n\u00e1s, podporovatele, cesta nekon\u010d\u00ed. Jdeme do Sen\u00e1tu. A ti v\u0161ichni, kte\u0159\u00ed n\u00e1m pos\u00edlali sv\u00e9 \u017eivotn\u00ed p\u0159\u00edb\u011bhy pln\u00e9 komplikac\u00ed, zran\u011bn\u00ed na du\u0161i, pochyb a p\u0159ek\u00e1\u017eek, ale tak\u00e9 pln\u00e9 l\u00e1sky, nad\u011bje i v\u00edry, jsou pro n\u00e1s obrovskou motivac\u00ed nevzd\u00e1vat to. Proto\u017ee oni u\u017e dok\u00e1zali naplnit sv\u00e9 \u017eivoty l\u00e1skou i respektem, politik\u016fm navzdory.<\/p>\n\n\n\n<p>Rozhodujeme jako politici o sv\u011bt\u011b, ve kter\u00e9m budou \u017e\u00edt na\u0161e d\u011bti a vnou\u010data. \u0160koda, \u017ee jim v\u00edce nenaslouch\u00e1me, jak\u00fd ho cht\u011bj\u00ed m\u00edt. Nau\u010dilo by n\u00e1s to b\u00fdt lep\u0161\u00edmi, tolerantn\u011bj\u0161\u00edmi lidmi i politiky.<\/p>\n\n\n\n<p><strong>Martina Ochodnick\u00e1, poslankyn\u011b, m\u00edstop\u0159edsedkyn\u011b TOP 09 a \u010dlenka Akademick\u00e9 rady TOPAZ<\/strong><\/p>","protected":false},"excerpt":{"rendered":"<p>Ten legislativn\u00ed p\u0159\u00edb\u011bh byl n\u00e1ro\u010dn\u00fd. Nic v kontrastu s t\u00edm, jak\u00fdm p\u0159ek\u00e1\u017ek\u00e1m \u010del\u00ed ti, kter\u00fdch se to bezprost\u0159edn\u011b t\u00fdk\u00e1. \u201eMan\u017eelstv\u00ed pro v\u0161echny\u201c nepro\u0161lo sn\u011bmovnou. Pro\u0161la pom\u011brn\u011b velk\u00e1 zm\u011bna v ka\u017edodenn\u00edch starostech t\u011bch, kte\u0159\u00ed u\u017e to samo o sob\u011b maj\u00ed t\u011b\u017e\u0161\u00ed. P\u0159esto nen\u00ed d\u016fvod slavit. Kdy\u017e jsme p\u0159ed rokem a p\u016fl \u0159e\u0161ili, zda se do toho [&hellip;]<\/p>","protected":false},"author":8,"featured_media":20665,"comment_status":"closed","ping_status":"closed","sticky":false,"template":"","format":"standard","meta":{"footnotes":""},"categories":[5],"tags":[75,74],"class_list":["post-20664","post","type-post","status-publish","format-standard","has-post-thumbnail","hentry","category-aktuality","tag-martina-ochodnicka","tag-snatky-pro-vsechny"],"_links":{"self":[{"href":"https:\/\/new.thinktopaz.cz\/en\/wp-json\/wp\/v2\/posts\/20664","targetHints":{"allow":["GET"]}}],"collection":[{"href":"https:\/\/new.thinktopaz.cz\/en\/wp-json\/wp\/v2\/posts"}],"about":[{"href":"https:\/\/new.thinktopaz.cz\/en\/wp-json\/wp\/v2\/types\/post"}],"author":[{"embeddable":true,"href":"https:\/\/new.thinktopaz.cz\/en\/wp-json\/wp\/v2\/users\/8"}],"replies":[{"embeddable":true,"href":"https:\/\/new.thinktopaz.cz\/en\/wp-json\/wp\/v2\/comments?post=20664"}],"version-history":[{"count":1,"href":"https:\/\/new.thinktopaz.cz\/en\/wp-json\/wp\/v2\/posts\/20664\/revisions"}],"predecessor-version":[{"id":20666,"href":"https:\/\/new.thinktopaz.cz\/en\/wp-json\/wp\/v2\/posts\/20664\/revisions\/20666"}],"wp:featuredmedia":[{"embeddable":true,"href":"https:\/\/new.thinktopaz.cz\/en\/wp-json\/wp\/v2\/media\/20665"}],"wp:attachment":[{"href":"https:\/\/new.thinktopaz.cz\/en\/wp-json\/wp\/v2\/media?parent=20664"}],"wp:term":[{"taxonomy":"category","embeddable":true,"href":"https:\/\/new.thinktopaz.cz\/en\/wp-json\/wp\/v2\/categories?post=20664"},{"taxonomy":"post_tag","embeddable":true,"href":"https:\/\/new.thinktopaz.cz\/en\/wp-json\/wp\/v2\/tags?post=20664"}],"curies":[{"name":"wp","href":"https:\/\/api.w.org\/{rel}","templated":true}]}}