{"id":20667,"date":"2024-03-05T10:01:35","date_gmt":"2024-03-05T09:01:35","guid":{"rendered":"https:\/\/new.thinktopaz.cz\/?p=20667"},"modified":"2024-09-10T12:40:21","modified_gmt":"2024-09-10T10:40:21","slug":"komentar-marka-zeniska-pokud-ted-ukrajine-nedame-co-potrebuje-zaplatime-za-to-v-budoucnu-vic","status":"publish","type":"post","link":"https:\/\/new.thinktopaz.cz\/en\/2024\/03\/05\/komentar-marka-zeniska-pokud-ted-ukrajine-nedame-co-potrebuje-zaplatime-za-to-v-budoucnu-vic\/","title":{"rendered":"Koment\u00e1\u0159 Marka \u017den\u00ed\u0161ka: Pokud te\u010f Ukrajin\u011b ned\u00e1me, co pot\u0159ebuje, zaplat\u00edme za to v budoucnu v\u00edc"},"content":{"rendered":"<p><strong>Na Ukrajin\u011b jsem byl za posledn\u00ed dva roky u\u017e n\u011bkolikr\u00e1t. A a\u0165 u\u017e to byla hned m\u00e1 prvn\u00ed cesta na konci dubna 2022, nebo pak ty dal\u0161\u00ed, v\u010detn\u011b te\u010f t\u00e9 posledn\u00ed minul\u00fd t\u00fdden, v\u017edy po n\u011bkolika setk\u00e1n\u00edch s r\u016fzn\u00fdmi lidmi odj\u00ed\u017ed\u00edm s pocitem, jak naivn\u00ed Z\u00e1pad byl a co v\u0161echno je opravdu v s\u00e1zce.<\/strong><\/p>\n\n\n\n<p>To si ale st\u00e1le mnoho lid\u00ed nechce p\u0159ipustit a z toho pak pramen\u00ed neochota pojmenovat v\u011bci prav\u00fdmi jm\u00e9ny. Bestie pohrdaj\u00edc\u00ed v\u0161\u00edm se nezastav\u00ed ani sankcemi, domluvou \u010di v\u00fdzvami k m\u00edru, ale zbran\u011bmi a odhodlanost\u00ed je pou\u017e\u00edt, co\u017e na rozd\u00edl od zbytku Evropy Ukrajina m\u00e1. Plan\u00e9 v\u00fdzvy k m\u00edru bez jasn\u00e9 a funk\u010dn\u00ed garance bezpe\u010dnosti a \u00fazemn\u00ed celistvosti Ukrajiny jsou v&nbsp;sou\u010dasn\u00e9 dob\u011b opravdu jen plan\u00e9.<\/p>\n\n\n\n<p>Ukrajina moment\u00e1ln\u011b nutn\u011b pot\u0159ebuje dal\u0161\u00ed dod\u00e1vky zbran\u00ed a munice, bez kter\u00fdch se \u017e\u00e1dn\u00e1 v\u00e1lka vyhr\u00e1t prost\u011b ned\u00e1. Argument, \u017ee zbran\u011b zab\u00edjej\u00ed, a proto je nesm\u00edme Ukrajin\u011b pos\u00edlat, je snad nejhloup\u011bj\u0161\u00ed argument t\u00e9to doby. Nepos\u00edl\u00e1n\u00ed zbran\u00ed ob\u011bti toti\u017e zab\u00edj\u00ed \u00fapln\u011b stejn\u011b, proto\u017ee ob\u011b\u0165 se nem\u00e1 \u010d\u00edm br\u00e1nit. Pokud tren\u00e9r \u0159ekne, \u017ee se m\u00e1 hr\u00e1t na rem\u00edzu, v\u011bt\u0161inou jeho t\u00fdm nevyhraje. Z\u00e1pad se nesm\u00ed b\u00e1t d\u00e1t Ukrajin\u011b takov\u00e9 zbran\u011b, kter\u00e9 zas\u00e1hnou vojensk\u00e9 c\u00edle v Rusku. Jednak je to naprosto v souladu s mezin\u00e1rodn\u00edm pr\u00e1vem, ale hlavn\u011b je z\u0159ejm\u00e9, \u017ee ze zabezpe\u010den\u00e9 obrany je g\u00f3l mo\u017en\u00fd jen pomoc\u00ed rychl\u00fdch break\u016f.<\/p>\n\n\n\n<p>Stejn\u011b jako p\u0159ed v\u00edce ne\u017e 80 lety i dnes Evropa \u017e\u00e1d\u00e1 USA, aby j\u00ed v&nbsp;t\u00e9to situaci pomohly, proto\u017ee sama na to nesta\u010d\u00ed. Chyb\u00ed odvaha a odhodlanost Evropy jako celku, a do toho se zcela nezakryt\u011b oz\u00fdvaj\u00ed hlasy Putinovy p\u00e1t\u00e9 kolony z Bratislavy a Budape\u0161ti.<\/p>\n\n\n\n<p>My te\u010f hlavn\u011b mus\u00edme d\u00e1t Ukrajin\u011b n\u00e1stroje a oni pr\u00e1ci dokon\u010d\u00ed. Pokud to neud\u011bl\u00e1me, budeme v&nbsp;budoucnu v u\u010debnic\u00edch d\u011bjepisu skute\u010dn\u011b za naprost\u00e9 bl\u00e1zny. Je\u0161t\u011b nav\u00edc za to zaplat\u00edme n\u011bkolikr\u00e1t v\u00edc, ne\u017e je cena toho, co te\u010f hned Ukrajina pot\u0159ebuje. Je\u0161t\u011b h\u016f\u0159e by na n\u00e1s nejsp\u00ed\u0161 pohl\u00ed\u017eeli, pokud by bylo v&nbsp;n\u00e1sleduj\u00edc\u00edm odstavci naps\u00e1no, \u017ee HDP Z\u00e1padu byl v&nbsp;t\u00e9to dob\u011b v\u00edce ne\u017e dvacetkr\u00e1t v\u011bt\u0161\u00ed ne\u017e agresor\u016fv.<\/p>\n\n\n\n<p>MAREK \u017dEN\u00cd\u0160EK, P\u0158EDSEDA ZAHRANI\u010cN\u00cdHO V\u00ddBORU A POSLANEC TOP 09,&nbsp;<a href=\"https:\/\/www.forum24.cz\/je-jednodussi-letet-do-ceska-nez-volit-na-ambasade-to-je-nutne-zmenit\" target=\"_blank\" rel=\"noreferrer noopener\">FORUM24<\/a>, 29. 2. 2024<\/p>","protected":false},"excerpt":{"rendered":"<p>Na Ukrajin\u011b jsem byl za posledn\u00ed dva roky u\u017e n\u011bkolikr\u00e1t. A a\u0165 u\u017e to byla hned m\u00e1 prvn\u00ed cesta na konci dubna 2022, nebo pak ty dal\u0161\u00ed, v\u010detn\u011b te\u010f t\u00e9 posledn\u00ed minul\u00fd t\u00fdden, v\u017edy po n\u011bkolika setk\u00e1n\u00edch s r\u016fzn\u00fdmi lidmi odj\u00ed\u017ed\u00edm s pocitem, jak naivn\u00ed Z\u00e1pad byl a co v\u0161echno je opravdu v s\u00e1zce. To [&hellip;]<\/p>","protected":false},"author":8,"featured_media":19969,"comment_status":"closed","ping_status":"closed","sticky":false,"template":"","format":"standard","meta":{"footnotes":""},"categories":[5],"tags":[76,77],"class_list":["post-20667","post","type-post","status-publish","format-standard","has-post-thumbnail","hentry","category-aktuality","tag-marek-zenisek","tag-ukrajina"],"_links":{"self":[{"href":"https:\/\/new.thinktopaz.cz\/en\/wp-json\/wp\/v2\/posts\/20667","targetHints":{"allow":["GET"]}}],"collection":[{"href":"https:\/\/new.thinktopaz.cz\/en\/wp-json\/wp\/v2\/posts"}],"about":[{"href":"https:\/\/new.thinktopaz.cz\/en\/wp-json\/wp\/v2\/types\/post"}],"author":[{"embeddable":true,"href":"https:\/\/new.thinktopaz.cz\/en\/wp-json\/wp\/v2\/users\/8"}],"replies":[{"embeddable":true,"href":"https:\/\/new.thinktopaz.cz\/en\/wp-json\/wp\/v2\/comments?post=20667"}],"version-history":[{"count":1,"href":"https:\/\/new.thinktopaz.cz\/en\/wp-json\/wp\/v2\/posts\/20667\/revisions"}],"predecessor-version":[{"id":20668,"href":"https:\/\/new.thinktopaz.cz\/en\/wp-json\/wp\/v2\/posts\/20667\/revisions\/20668"}],"wp:featuredmedia":[{"embeddable":true,"href":"https:\/\/new.thinktopaz.cz\/en\/wp-json\/wp\/v2\/media\/19969"}],"wp:attachment":[{"href":"https:\/\/new.thinktopaz.cz\/en\/wp-json\/wp\/v2\/media?parent=20667"}],"wp:term":[{"taxonomy":"category","embeddable":true,"href":"https:\/\/new.thinktopaz.cz\/en\/wp-json\/wp\/v2\/categories?post=20667"},{"taxonomy":"post_tag","embeddable":true,"href":"https:\/\/new.thinktopaz.cz\/en\/wp-json\/wp\/v2\/tags?post=20667"}],"curies":[{"name":"wp","href":"https:\/\/api.w.org\/{rel}","templated":true}]}}