{"id":20669,"date":"2024-03-08T10:03:33","date_gmt":"2024-03-08T09:03:33","guid":{"rendered":"https:\/\/new.thinktopaz.cz\/?p=20669"},"modified":"2024-09-10T12:40:39","modified_gmt":"2024-09-10T10:40:39","slug":"ochodnicka-jedine-kdyz-tu-jako-zeny-budeme-jedna-pro-druhou-udelame-neco-kvalitniho-i-pro-ty-dalsi","status":"publish","type":"post","link":"https:\/\/new.thinktopaz.cz\/en\/2024\/03\/08\/ochodnicka-jedine-kdyz-tu-jako-zeny-budeme-jedna-pro-druhou-udelame-neco-kvalitniho-i-pro-ty-dalsi\/","title":{"rendered":"Ochodnick\u00e1: Jedin\u011b, kdy\u017e tu jako \u017eeny budeme jedna pro druhou, ud\u011bl\u00e1me n\u011bco kvalitn\u00edho i pro ty dal\u0161\u00ed"},"content":{"rendered":"<p><em>Koment\u00e1\u0159 poslankyn\u011b a \u010dlenky Akademick\u00e9 rady TOPAZ Martiny Ochodnick\u00e9<\/em><\/p>\n\n\n\n<p>Jedin\u011b, kdy\u017e tu jako \u017eeny budeme jedna pro druhou, ud\u011bl\u00e1me n\u011bco kvalitn\u00edho i pro ty dal\u0161\u00ed. To plat\u00ed nejen v politice.<\/p>\n\n\n\n<p>D\u011bkuji v\u0161em t\u011bm, kter\u00e9 tu byly p\u0159ed n\u00e1mi. Proto\u017ee i d\u00edky nim my m\u016f\u017eeme a m\u00e1me na co navazovat. A d\u011bkuji v\u0161em, kter\u00e9 m\u011bn\u00ed mo\u017enosti n\u00e1s ostatn\u00edch, ani\u017e by \u010dekaly na politiky.<\/p>\n\n\n\n<p>J\u00e1 do politiky rozhodn\u011b ne\u0161la \u0159e\u0161it \u017eensk\u00e9 ot\u00e1zky. Dokonce jsem v\u011bt\u0161inu sv\u00e9ho komun\u00e1ln\u00edho p\u016fsoben\u00ed tvrdila, \u017ee to nen\u00ed t\u00e9ma. Zm\u00fdlila jsem se. Byla to m\u00e1 p\u00fdcha a hrdost na to, \u017ee j\u00e1 jsem to dok\u00e1zala, kter\u00e9 mi nedovolily dohl\u00e9dnout na ty v\u0161echny zbyte\u010dn\u00e9 p\u0159ek\u00e1\u017eky, kter\u00e9 le\u017eely p\u0159ede mnou, nato\u017e p\u0159ed dal\u0161\u00edmi \u017eenami.<\/p>\n\n\n\n<p>Nejen data n\u00e1m ka\u017edoro\u010dn\u011b ukazuj\u00ed, jak n\u00e1m sice jdou rovn\u00e9 P\u0158\u00cdLE\u017dITOSTI, ale pro rovn\u00e9 MO\u017dNOSTI d\u011bl\u00e1me pram\u00e1lo. Proto\u017ee prost\u011b to, \u017ee m\u00e1m p\u0159\u00edle\u017eitost, talent, chu\u0165 a v\u016fli, neznamen\u00e1, \u017ee mohu. Bez zm\u011bn syst\u00e9mu budeme st\u00e1le \u0161lapat vodu. Ku \u0161kod\u011b cel\u00e9 spole\u010dnosti.<\/p>\n\n\n\n<p>Asi se to je\u0161t\u011b v porevolu\u010dn\u00ed historii malostransk\u00fdch pal\u00e1c\u016f nestalo. Ale i d\u00edky v\u00e1m, voli\u010dk\u00e1m a voli\u010d\u016fm, jsme tu. Holky z r\u016fzn\u00fdch stran, r\u016fzn\u00fdch povol\u00e1n\u00ed, r\u016fzn\u00fdch zku\u0161enost\u00ed a \u017eivotn\u00edch kotrmelc\u016f a jsme PARTA.<\/p>\n\n\n\n<p>T\u00e1hneme za jeden provaz, jsme si oporou i motivac\u00ed. P\u0159ejeme si \u00fasp\u011bch a kdy\u017e je t\u011b\u017eko, ot\u00edr\u00e1me si slzy. Z\u00e1rove\u0148 ale v\u00edme, jak obrovsk\u00e9 m\u00e1me privilegium v\u011bci m\u011bnit.<\/p>\n\n\n\n<p>A vedle v\u0161eho, co d\u011bl\u00e1me a \u010demu se v\u011bnujeme, se sna\u017e\u00edme nezapom\u00ednat na to, \u017ee tu jsme i d\u00edky \u017een\u00e1m a pro \u017eeny.<\/p>\n\n\n\n<p>Kr\u00e1sn\u00fd sv\u00e1te\u010dn\u00ed den, mil\u00e9 \u017eeny. Bu\u010fme tu pro sebe. Abychom tu mohly b\u00fdt, nena\u0161tvan\u00e9 a neubl\u00ed\u017een\u00e9, i pro na\u0161e mu\u017ee, syny, kolegy, otce i kamar\u00e1dy.<\/p>\n\n\n\n<p>motto Madeleine Albrightov\u00e9:<\/p>\n\n\n\n<p>\u201eV pekle je speci\u00e1ln\u00ed m\u00edsto pro \u017eeny, kter\u00e9 nepom\u00e1haj\u00ed ostatn\u00edm \u017een\u00e1m.\u201c<\/p>\n\n\n\n<p>\u201eLid\u00e9 si mysl\u00ed, \u017ee je to chyba mu\u017esk\u00fdch, \u017ee \u017eeny nejsou ve vysok\u00fdch pozic\u00edch. Ale je to i chyba \u017een. N\u011bkter\u00e9 z t\u011bch, co jsou naho\u0159e, se chovaj\u00ed jako kr\u00e1lovny, \u017e\u00e1rl\u00ed a necht\u011bj\u00ed, aby tam byly jin\u00e9 \u017eeny. A \u017eensk\u00e9 se je\u0161t\u011b vz\u00e1jemn\u011b pomlouvaj\u00ed a \u0159e\u0161\u00ed, pro\u010d ta nebo ta nen\u00ed rad\u011bji doma s d\u011btmi, nebo obr\u00e1cen\u011b, pro\u010d rad\u0161i nepracuje,\u201c uvedla.<\/p>","protected":false},"excerpt":{"rendered":"<p>Koment\u00e1\u0159 poslankyn\u011b a \u010dlenky Akademick\u00e9 rady TOPAZ Martiny Ochodnick\u00e9 Jedin\u011b, kdy\u017e tu jako \u017eeny budeme jedna pro druhou, ud\u011bl\u00e1me n\u011bco kvalitn\u00edho i pro ty dal\u0161\u00ed. To plat\u00ed nejen v politice. D\u011bkuji v\u0161em t\u011bm, kter\u00e9 tu byly p\u0159ed n\u00e1mi. Proto\u017ee i d\u00edky nim my m\u016f\u017eeme a m\u00e1me na co navazovat. A d\u011bkuji v\u0161em, kter\u00e9 m\u011bn\u00ed mo\u017enosti [&hellip;]<\/p>","protected":false},"author":8,"featured_media":20085,"comment_status":"closed","ping_status":"closed","sticky":false,"template":"","format":"standard","meta":{"footnotes":""},"categories":[5],"tags":[75],"class_list":["post-20669","post","type-post","status-publish","format-standard","has-post-thumbnail","hentry","category-aktuality","tag-martina-ochodnicka"],"_links":{"self":[{"href":"https:\/\/new.thinktopaz.cz\/en\/wp-json\/wp\/v2\/posts\/20669","targetHints":{"allow":["GET"]}}],"collection":[{"href":"https:\/\/new.thinktopaz.cz\/en\/wp-json\/wp\/v2\/posts"}],"about":[{"href":"https:\/\/new.thinktopaz.cz\/en\/wp-json\/wp\/v2\/types\/post"}],"author":[{"embeddable":true,"href":"https:\/\/new.thinktopaz.cz\/en\/wp-json\/wp\/v2\/users\/8"}],"replies":[{"embeddable":true,"href":"https:\/\/new.thinktopaz.cz\/en\/wp-json\/wp\/v2\/comments?post=20669"}],"version-history":[{"count":1,"href":"https:\/\/new.thinktopaz.cz\/en\/wp-json\/wp\/v2\/posts\/20669\/revisions"}],"predecessor-version":[{"id":20670,"href":"https:\/\/new.thinktopaz.cz\/en\/wp-json\/wp\/v2\/posts\/20669\/revisions\/20670"}],"wp:featuredmedia":[{"embeddable":true,"href":"https:\/\/new.thinktopaz.cz\/en\/wp-json\/wp\/v2\/media\/20085"}],"wp:attachment":[{"href":"https:\/\/new.thinktopaz.cz\/en\/wp-json\/wp\/v2\/media?parent=20669"}],"wp:term":[{"taxonomy":"category","embeddable":true,"href":"https:\/\/new.thinktopaz.cz\/en\/wp-json\/wp\/v2\/categories?post=20669"},{"taxonomy":"post_tag","embeddable":true,"href":"https:\/\/new.thinktopaz.cz\/en\/wp-json\/wp\/v2\/tags?post=20669"}],"curies":[{"name":"wp","href":"https:\/\/api.w.org\/{rel}","templated":true}]}}