{"id":20728,"date":"2024-04-12T10:47:58","date_gmt":"2024-04-12T08:47:58","guid":{"rendered":"https:\/\/new.thinktopaz.cz\/?p=20728"},"modified":"2024-09-10T12:49:52","modified_gmt":"2024-09-10T10:49:52","slug":"tomas-halik-odkaz-karla-schwarzenberga","status":"publish","type":"post","link":"https:\/\/new.thinktopaz.cz\/en\/2024\/04\/12\/tomas-halik-odkaz-karla-schwarzenberga\/","title":{"rendered":"Tom\u00e1\u0161 Hal\u00edk: Odkaz Karla Schwarzenberga"},"content":{"rendered":"<p><em>P\u0159in\u00e1\u0161\u00edme \u00faryvek nekrologu Karla Schwarzenberga, kter\u00fd pro European Voices napsal Tom\u00e1\u0161 Hal\u00edk. Text p\u0159ipom\u00edn\u00e1 odkaz t\u00e9to v\u00fdznamn\u00e9 osobnosti evropsk\u00e9ho form\u00e1tu, kter\u00fd si t\u00edmto chceme p\u0159ipomenout a ve kter\u00e9m se sna\u017e\u00ed pokra\u010dovat i n\u00e1\u0161 think-tank TOPAZ, jeho\u017e zakladatelem a dlouholet\u00fdm prezidentem byl pr\u00e1v\u011b Karel Schwarzenberg.<\/em><\/p>\n\n\n\n<blockquote class=\"wp-block-quote is-layout-flow wp-block-quote-is-layout-flow\">\n<p>\u201eKarel Schwarzenberg str\u00e1vil sv\u016fj \u017eivot v opozici proti t\u011bm, kte\u0159\u00ed cht\u011bli odtrhnout \u010desk\u00fd n\u00e1rod od sjednocuj\u00edc\u00ed se Evropy.\u201c&nbsp;Tom\u00e1\u0161 Hal\u00edk<\/p>\n<\/blockquote>\n\n\n\n<p>B\u00fdval\u00fd \u010desk\u00fd ministr zahrani\u010d\u00ed Karel Schwarzenberg zt\u011bles\u0148oval hodnoty, kter\u00e9 \u010dasto st\u00e1ly proti sob\u011b: vlastenectv\u00ed a otev\u0159enost sv\u011btu, u\u0161lechtil\u00e9 ide\u00e1ly a vztah k lidem. Bojoval za Evropu a proti \u0161ovinistick\u00e9mu populismu.<\/p>\n\n\n\n<p>V\u00fdznamn\u00fdm osobnostem \u010desk\u00fdch d\u011bjin ud\u011blujeme r\u016fzn\u00e9 tituly: Franti\u0161ek Palack\u00fd je ozna\u010dov\u00e1n za \u201eOtce n\u00e1roda\u201c, Tom\u00e1\u0161 Garrigue Masaryk za \u201eprezidenta-osvoboditele\u201c. Karel Schwarzenberg by m\u011bl b\u00fdt p\u0159ipom\u00edn\u00e1n jako vzd\u011blavatel sou\u010dasn\u00e9 \u010desk\u00e9 spole\u010dnosti a jako p\u0159\u00edklad velkorysosti. Tento \u010desk\u00fd aristokrat byl zvelebitelem ve\u0159ejn\u00e9ho \u017eivota. Jednou z velk\u00fdch v\u00fdhod, kter\u00e9 se \u0161lechtic\u016fm dost\u00e1valo, bylo vzd\u011bl\u00e1n\u00ed. Vzd\u011bl\u00e1n\u00ed bylo dokonce cenn\u011bj\u0161\u00ed ne\u017e hrady a pozemky. \u010cinilo jejich nositele odpov\u011bdn\u00fdmi za v\u0161e, co zd\u011bdili a co jim bylo sv\u011b\u0159eno. Umo\u017e\u0148ovalo jim z\u016fstat v\u011brni duchovn\u00edm a mor\u00e1ln\u00edm hodnot\u00e1m rodinn\u00e9 tradice. Karla Schwarzenberga vychov\u00e1val k vlastenectv\u00ed p\u0159edev\u0161\u00edm jeho otec. Star\u0161\u00ed Schwarzenberg, hlavn\u00ed autor dokumentu, v n\u011bm\u017e se \u010desk\u00e1 \u0161lechta v dob\u011b nacistick\u00e9ho ohro\u017een\u00ed odv\u00e1\u017en\u011b p\u0159ihl\u00e1sila k \u010desk\u00e9mu n\u00e1rodu a \u010deskoslovensk\u00e9 st\u00e1tnosti, se tak\u00e9 \u00fa\u010dastnil odboje proti nacist\u016fm.<\/p>\n\n\n\n<p>Jeho rodina, pron\u00e1sledov\u00e1na nacisty a pozd\u011bji komunistick\u00fdm re\u017eimem, musela opustit svou vlast. Kdy\u017e Karel Schwarzenberg po p\u00e1du komunistick\u00e9ho re\u017eimu odpov\u011bd\u011bl na v\u00fdzvu slou\u017eit vlasti, ozna\u010dil se za lesn\u00edka a hostinsk\u00e9ho. Lesn\u00edk pe\u010duje o kr\u00e1su a zdrav\u00ed p\u0159\u00edrodn\u00edho prost\u0159ed\u00ed. Hostinsk\u00fd se star\u00e1 o prost\u0159ed\u00ed, kde se lid\u00e9 c\u00edt\u00ed dob\u0159e.<\/p>\n\n\n\n<p>Cel\u00fd \u010dl\u00e1nek m\u016f\u017eete spolu s pln\u00fdm vyd\u00e1n\u00edm zakoupit&nbsp;<a href=\"https:\/\/www.europeanvoices.eu\/en\/18050332\/the-legacy-of-karel-schwarzenberg?fbclid=IwAR0zDkIzN6fNsfysAldfTiDQL8oa57ZrSSLtqySZrHJ3xdHzgeKceoPvObo_aem_AahTGt07GaSSzk9j51V6bZ9EAtAu15EKhUN0RwUtxpbF8TLLap5EZrCN1JGhhPnblm7Edn7bpcdQbEhdUS4ciT2K\">ZDE.<\/a><\/p>\n\n\n\n<p>Sd\u00edlet \u010dl\u00e1nek<\/p>","protected":false},"excerpt":{"rendered":"<p>P\u0159in\u00e1\u0161\u00edme \u00faryvek nekrologu Karla Schwarzenberga, kter\u00fd pro European Voices napsal Tom\u00e1\u0161 Hal\u00edk. Text p\u0159ipom\u00edn\u00e1 odkaz t\u00e9to v\u00fdznamn\u00e9 osobnosti evropsk\u00e9ho form\u00e1tu, kter\u00fd si t\u00edmto chceme p\u0159ipomenout a ve kter\u00e9m se sna\u017e\u00ed pokra\u010dovat i n\u00e1\u0161 think-tank TOPAZ, jeho\u017e zakladatelem a dlouholet\u00fdm prezidentem byl pr\u00e1v\u011b Karel Schwarzenberg. \u201eKarel Schwarzenberg str\u00e1vil sv\u016fj \u017eivot v opozici proti t\u011bm, kte\u0159\u00ed cht\u011bli [&hellip;]<\/p>","protected":false},"author":8,"featured_media":20729,"comment_status":"closed","ping_status":"closed","sticky":false,"template":"","format":"standard","meta":{"footnotes":""},"categories":[5],"tags":[85],"class_list":["post-20728","post","type-post","status-publish","format-standard","has-post-thumbnail","hentry","category-aktuality","tag-karel-schwarzenberg"],"_links":{"self":[{"href":"https:\/\/new.thinktopaz.cz\/en\/wp-json\/wp\/v2\/posts\/20728","targetHints":{"allow":["GET"]}}],"collection":[{"href":"https:\/\/new.thinktopaz.cz\/en\/wp-json\/wp\/v2\/posts"}],"about":[{"href":"https:\/\/new.thinktopaz.cz\/en\/wp-json\/wp\/v2\/types\/post"}],"author":[{"embeddable":true,"href":"https:\/\/new.thinktopaz.cz\/en\/wp-json\/wp\/v2\/users\/8"}],"replies":[{"embeddable":true,"href":"https:\/\/new.thinktopaz.cz\/en\/wp-json\/wp\/v2\/comments?post=20728"}],"version-history":[{"count":1,"href":"https:\/\/new.thinktopaz.cz\/en\/wp-json\/wp\/v2\/posts\/20728\/revisions"}],"predecessor-version":[{"id":20730,"href":"https:\/\/new.thinktopaz.cz\/en\/wp-json\/wp\/v2\/posts\/20728\/revisions\/20730"}],"wp:featuredmedia":[{"embeddable":true,"href":"https:\/\/new.thinktopaz.cz\/en\/wp-json\/wp\/v2\/media\/20729"}],"wp:attachment":[{"href":"https:\/\/new.thinktopaz.cz\/en\/wp-json\/wp\/v2\/media?parent=20728"}],"wp:term":[{"taxonomy":"category","embeddable":true,"href":"https:\/\/new.thinktopaz.cz\/en\/wp-json\/wp\/v2\/categories?post=20728"},{"taxonomy":"post_tag","embeddable":true,"href":"https:\/\/new.thinktopaz.cz\/en\/wp-json\/wp\/v2\/tags?post=20728"}],"curies":[{"name":"wp","href":"https:\/\/api.w.org\/{rel}","templated":true}]}}