{"id":20740,"date":"2024-05-15T10:53:27","date_gmt":"2024-05-15T08:53:27","guid":{"rendered":"https:\/\/new.thinktopaz.cz\/?p=20740"},"modified":"2024-09-10T13:04:09","modified_gmt":"2024-09-10T11:04:09","slug":"zveme-vas-na-debatu-zelena-revoluce-2030-v-cesku","status":"publish","type":"post","link":"https:\/\/new.thinktopaz.cz\/en\/2024\/05\/15\/zveme-vas-na-debatu-zelena-revoluce-2030-v-cesku\/","title":{"rendered":"Zveme V\u00e1s na debatu Zelen\u00e1 revoluce 2030 v \u010cesku"},"content":{"rendered":"<p>Jak zastavit oteplov\u00e1n\u00ed sv\u011bta? M\u00edsto fosiln\u00edch paliv bezemisn\u00ed zdroje energie. I \u010cesko m\u00e1 m\u00edt do roku 2030 t\u0159etinu energie z obnoviteln\u00fdch zdroj\u016f. Slunce, v\u00edtr, nebo n\u011bco \u00fapln\u011b jin\u00e9ho? P\u0159ij\u010fte s n\u00e1mi prozkoumat mo\u017enosti a limity nov\u00e9 \u00e9ry energetiky!<\/p>\n\n\n\n<p>O t\u011bchto a dal\u0161\u00edch ot\u00e1zk\u00e1ch spojen\u00fdch se zm\u011bnou klimatu budou v r\u00e1mci Sv\u011bta knihy diskutovat europoslanec Lud\u011bk Niedermayer a zakladatel spole\u010dnosti ENVICONS a odborn\u00edk na adaptaci krajiny na zm\u011bnu klimatu Luk\u00e1\u0161 \u0158\u00e1dek spolu s experty z t\u00fdmu \u201cFakta o klimatu\u201d, kte\u0159\u00ed usiluj\u00ed o to, aby diskuze v na\u0161\u00ed zemi o klimatick\u00fdch zm\u011bn\u00e1ch byla v\u011bcn\u00e1, kultivovan\u00e1 a zalo\u017een\u00e1 na v\u011bdeck\u00fdch poznatc\u00edch a ov\u011b\u0159en\u00fdch datech.<\/p>\n\n\n\n<p>V r\u00e1mci debaty se budete tak\u00e9 moci sezn\u00e1mit se studi\u00ed \u201cRozvoj obnoviteln\u00e9 energie v \u010cesku do roku 2030\u201d, kterou pro TOPAZ vypracovali experti z t\u00fdmu Fakta o klimatu.<\/p>\n\n\n\n<p><a href=\"https:\/\/fb.me\/e\/22WdLSSaC\">Sledujte na\u0161i ud\u00e1lost<\/a>. Pr\u016fb\u011b\u017en\u011b v n\u00ed budeme zve\u0159ej\u0148ovat dal\u0161\u00ed informace. T\u011b\u0161\u00edme se na V\u00e1s!<\/p>","protected":false},"excerpt":{"rendered":"<p>Jak zastavit oteplov\u00e1n\u00ed sv\u011bta? M\u00edsto fosiln\u00edch paliv bezemisn\u00ed zdroje energie. I \u010cesko m\u00e1 m\u00edt do roku 2030 t\u0159etinu energie z obnoviteln\u00fdch zdroj\u016f. Slunce, v\u00edtr, nebo n\u011bco \u00fapln\u011b jin\u00e9ho? P\u0159ij\u010fte s n\u00e1mi prozkoumat mo\u017enosti a limity nov\u00e9 \u00e9ry energetiky! O t\u011bchto a dal\u0161\u00edch ot\u00e1zk\u00e1ch spojen\u00fdch se zm\u011bnou klimatu budou v r\u00e1mci Sv\u011bta knihy diskutovat europoslanec Lud\u011bk [&hellip;]<\/p>","protected":false},"author":8,"featured_media":20741,"comment_status":"closed","ping_status":"closed","sticky":false,"template":"","format":"standard","meta":{"footnotes":""},"categories":[5],"tags":[87,86],"class_list":["post-20740","post","type-post","status-publish","format-standard","has-post-thumbnail","hentry","category-aktuality","tag-obnovitelne-zdroje","tag-zelena-revoluce"],"_links":{"self":[{"href":"https:\/\/new.thinktopaz.cz\/en\/wp-json\/wp\/v2\/posts\/20740","targetHints":{"allow":["GET"]}}],"collection":[{"href":"https:\/\/new.thinktopaz.cz\/en\/wp-json\/wp\/v2\/posts"}],"about":[{"href":"https:\/\/new.thinktopaz.cz\/en\/wp-json\/wp\/v2\/types\/post"}],"author":[{"embeddable":true,"href":"https:\/\/new.thinktopaz.cz\/en\/wp-json\/wp\/v2\/users\/8"}],"replies":[{"embeddable":true,"href":"https:\/\/new.thinktopaz.cz\/en\/wp-json\/wp\/v2\/comments?post=20740"}],"version-history":[{"count":1,"href":"https:\/\/new.thinktopaz.cz\/en\/wp-json\/wp\/v2\/posts\/20740\/revisions"}],"predecessor-version":[{"id":20742,"href":"https:\/\/new.thinktopaz.cz\/en\/wp-json\/wp\/v2\/posts\/20740\/revisions\/20742"}],"wp:featuredmedia":[{"embeddable":true,"href":"https:\/\/new.thinktopaz.cz\/en\/wp-json\/wp\/v2\/media\/20741"}],"wp:attachment":[{"href":"https:\/\/new.thinktopaz.cz\/en\/wp-json\/wp\/v2\/media?parent=20740"}],"wp:term":[{"taxonomy":"category","embeddable":true,"href":"https:\/\/new.thinktopaz.cz\/en\/wp-json\/wp\/v2\/categories?post=20740"},{"taxonomy":"post_tag","embeddable":true,"href":"https:\/\/new.thinktopaz.cz\/en\/wp-json\/wp\/v2\/tags?post=20740"}],"curies":[{"name":"wp","href":"https:\/\/api.w.org\/{rel}","templated":true}]}}