{"id":20780,"date":"2024-06-14T11:16:26","date_gmt":"2024-06-14T09:16:26","guid":{"rendered":"https:\/\/new.thinktopaz.cz\/?p=20780"},"modified":"2024-09-10T12:59:49","modified_gmt":"2024-09-10T10:59:49","slug":"cabada-20-let-clenstvi-ceske-republiky-v-eu","status":"publish","type":"post","link":"https:\/\/new.thinktopaz.cz\/en\/2024\/06\/14\/cabada-20-let-clenstvi-ceske-republiky-v-eu\/","title":{"rendered":"Cabada: 20 let \u010dlenstv\u00ed \u010cesk\u00e9 republiky v EU"},"content":{"rendered":"<p><strong>Profesor politologie a \u010dlen na\u0161\u00ed akademick\u00e9 rady Ladislav Cabada shrnuje 20 let \u010cesk\u00e9 republiky v EU v kontextu uskupen\u00ed V4. Kompletn\u00ed text v angli\u010dtin\u011b si m\u016f\u017eete st\u00e1hnout&nbsp;<a href=\"https:\/\/top-az.eu\/wp-content\/uploads\/2024\/06\/20-Years_in-EU_Malta_Cabada.pdf\">zde<\/a>.<\/strong><\/p>\n\n\n\n<p>Od po\u010d\u00e1tku 90. let se \u010cesko prezentovalo jako zem\u011b hraj\u00edc\u00ed v\u016fd\u010d\u00ed roli v europeizaci postkomunistick\u00fdch zem\u00ed. Na tomto p\u0159edpokladu vznikla platforma, kter\u00e1 se stala z\u00e1kladem vzniku Visegr\u00e1dsk\u00e9 skupiny (V4) \u2013 zem\u00ed, kter\u00e9 sd\u00edlely sv\u00e9 hlavn\u00ed geopolitick\u00e9 c\u00edle \u2013 vstup do NATO a EU. I po dosa\u017een\u00ed tohoto c\u00edle pokra\u010dovaly v podpo\u0159e roz\u0161i\u0159ov\u00e1n\u00ed EU a V\u00fdchodn\u00edho partnerstv\u00ed. V roce 2009 tak deklarovaly svou ambici st\u00e1t se \u201edruh\u00fdm motorem\u201c EU. &nbsp;Nicm\u00e9n\u011b tyto ambici\u00f3zn\u00ed c\u00edle neust\u00e1le podkop\u00e1val p\u0159erod V4 do podoby populistick\u00e9 spolupr\u00e1ce. Ta st\u00e1la na siln\u00fdch v\u016fd\u010d\u00edch osobnostech, kter\u00e9 p\u0159edstavovaly nejviditeln\u011bj\u0161\u00ed vnit\u0159n\u00ed opozici hlavn\u00edmu proudu EU a evropsk\u00fdm hodnot\u00e1m.<\/p>\n\n\n\n<p>Tato studie se zam\u011b\u0159uje na nejd\u016fle\u017eit\u011bj\u0161\u00ed rysy \u010desk\u00e9 spole\u010dnosti a \u010desk\u00e9 politiky v procesu jejich v\u00fdvoje, kdy kol\u00edsaly mezi dv\u011bma ide\u00e1ln\u00edmi typy evropeizace \u2013 mezi pot\u0159ebou dohnat evropskou patn\u00e1ctku a p\u0159ipojit se k \u201ej\u00e1dru\u201c EU a mezi politikou kop\u00edruj\u00edc\u00ed \u201eprotibruselsk\u00fd\u201c n\u00e1rodn\u00ed populismus, kter\u00e1 b\u00fdv\u00e1 ozna\u010dov\u00e1na jako \u201evisegr\u00e1dsk\u00fd efekt\u201c.<\/p>\n\n\n\n<p>\u010cl\u00e1nek nejprve vysv\u011btluje, jak d\u011blen\u00ed na V\u00fdchod a Z\u00e1pad ovliv\u0148uje vn\u00edm\u00e1n\u00ed EU v \u010cesku a debatu o V4. Pot\u00e9 zkoum\u00e1 ekonomick\u00fd rozm\u011br \u010dlenstv\u00ed v EU.&nbsp; V posledn\u00ed \u010d\u00e1sti se zam\u011b\u0159uje na n\u00e1r\u016fst euroskepticismu a n\u00e1rodn\u00edho populismu v \u010cesku a ve V4, v\u010detn\u011b charakteristik \u010desk\u00e9 evropsk\u00e9 politiky, kter\u00e1 &nbsp;souvis\u00ed s rozd\u00edly mezi kl\u00ed\u010dov\u00fdmi politick\u00fdmi akt\u00e9ry a spole\u010densk\u00fdmi skupinami.&nbsp;<\/p>\n\n\n\n<p>Prizmatem \u010dlenstv\u00ed ve V4, ale tak\u00e9 na z\u00e1klad\u011b viditeln\u00fdch a stabiln\u00edch eurorealistick\u00fdch postoj\u016f jak spole\u010dnosti, tak politick\u00fdch akt\u00e9r\u016f, bylo \u010cesko \u010dasto pova\u017eov\u00e1no za \u201epot\u00ed\u017eistu\u201c.&nbsp;Nicm\u00e9n\u011b v\u00fdvoj po \u00fanoru 2022 nab\u00eddl jin\u00fd obraz V4. Polsko, \u010cesko a Slovensko ofici\u00e1ln\u011b p\u0159ijaly celkem asi 3 miliony ukrajinsk\u00fdch uprchl\u00edk\u016f a snad tak rozbily sv\u016fj obraz st\u00e1t\u016f, kter\u00e9 k celoevropsk\u00e9mu rozvoji p\u0159\u00edli\u0161 nep\u0159isp\u00edvaj\u00ed.<\/p>\n\n\n\n<p>V\u0161echny st\u00e1ty regionu \u2013 s viditelnou a problematickou v\u00fdjimkou, kterou je Ma\u010farsko \u2013 siln\u011b podpo\u0159ily Ukrajinu vojensk\u00fdmi a humanit\u00e1rn\u00edmi&nbsp;z\u00e1sobami. Spolu s pobaltsk\u00fdmi st\u00e1ty se Polsko a \u010cesko staly nejviditeln\u011bj\u0161\u00edmi odp\u016frci jak\u00fdchkoli pokus\u016f o appeasement, kter\u00e9 ob\u010das p\u0159ich\u00e1zely z d\u016fle\u017eit\u00fdch zem\u00ed EU 15. Zd\u00e1 se, \u017ee b\u011bhem krize zp\u016fsoben\u00e9 ruskou agres\u00ed proti Ukrajin\u011b tyto zem\u011b \u2013 v\u010detn\u011b nov\u00e9 \u010desk\u00e9 vl\u00e1dy veden\u00e9 Petrem Fialou i nov\u00e9ho prezidenta Petra Pavla \u2013 jasn\u011b uk\u00e1zaly svou evropskou identitu a respekt k lidsk\u00fdm pr\u00e1v\u016fm i k mezin\u00e1rodn\u00edmu pr\u00e1vu.&nbsp;&nbsp;<\/p>\n\n\n\n<p>Nov\u00e1 \u010desko-polsk\u00e1 spolupr\u00e1ce je vn\u00edm\u00e1na jako velmi slibn\u00e1 i v dal\u0161\u00edch oblastech, v\u010detn\u011b jedn\u00e9 z kl\u00ed\u010dov\u00fdch obecn\u00fdch politik, kter\u00fdm je Zelen\u00e1 dohoda. St\u00e1le si v\u0161ak mus\u00edme pln\u011b uv\u011bdomovat, \u017ee \u00fasp\u011b\u0161n\u00e1 transformace a celkov\u00e9 zlep\u0161en\u00ed v regionu by nem\u011bly b\u00fdt pova\u017eov\u00e1ny za samoz\u0159ejmost.&nbsp;<\/p>","protected":false},"excerpt":{"rendered":"<p>Profesor politologie a \u010dlen na\u0161\u00ed akademick\u00e9 rady Ladislav Cabada shrnuje 20 let \u010cesk\u00e9 republiky v EU v kontextu uskupen\u00ed V4. Kompletn\u00ed text v angli\u010dtin\u011b si m\u016f\u017eete st\u00e1hnout&nbsp;zde. Od po\u010d\u00e1tku 90. let se \u010cesko prezentovalo jako zem\u011b hraj\u00edc\u00ed v\u016fd\u010d\u00ed roli v europeizaci postkomunistick\u00fdch zem\u00ed. Na tomto p\u0159edpokladu vznikla platforma, kter\u00e1 se stala z\u00e1kladem vzniku Visegr\u00e1dsk\u00e9 skupiny [&hellip;]<\/p>","protected":false},"author":8,"featured_media":20781,"comment_status":"closed","ping_status":"closed","sticky":false,"template":"","format":"standard","meta":{"footnotes":""},"categories":[5],"tags":[105,82],"class_list":["post-20780","post","type-post","status-publish","format-standard","has-post-thumbnail","hentry","category-aktuality","tag-ladislav-cabada","tag-v4"],"_links":{"self":[{"href":"https:\/\/new.thinktopaz.cz\/en\/wp-json\/wp\/v2\/posts\/20780","targetHints":{"allow":["GET"]}}],"collection":[{"href":"https:\/\/new.thinktopaz.cz\/en\/wp-json\/wp\/v2\/posts"}],"about":[{"href":"https:\/\/new.thinktopaz.cz\/en\/wp-json\/wp\/v2\/types\/post"}],"author":[{"embeddable":true,"href":"https:\/\/new.thinktopaz.cz\/en\/wp-json\/wp\/v2\/users\/8"}],"replies":[{"embeddable":true,"href":"https:\/\/new.thinktopaz.cz\/en\/wp-json\/wp\/v2\/comments?post=20780"}],"version-history":[{"count":1,"href":"https:\/\/new.thinktopaz.cz\/en\/wp-json\/wp\/v2\/posts\/20780\/revisions"}],"predecessor-version":[{"id":20782,"href":"https:\/\/new.thinktopaz.cz\/en\/wp-json\/wp\/v2\/posts\/20780\/revisions\/20782"}],"wp:featuredmedia":[{"embeddable":true,"href":"https:\/\/new.thinktopaz.cz\/en\/wp-json\/wp\/v2\/media\/20781"}],"wp:attachment":[{"href":"https:\/\/new.thinktopaz.cz\/en\/wp-json\/wp\/v2\/media?parent=20780"}],"wp:term":[{"taxonomy":"category","embeddable":true,"href":"https:\/\/new.thinktopaz.cz\/en\/wp-json\/wp\/v2\/categories?post=20780"},{"taxonomy":"post_tag","embeddable":true,"href":"https:\/\/new.thinktopaz.cz\/en\/wp-json\/wp\/v2\/tags?post=20780"}],"curies":[{"name":"wp","href":"https:\/\/api.w.org\/{rel}","templated":true}]}}