{"id":20793,"date":"2024-06-24T11:37:51","date_gmt":"2024-06-24T09:37:51","guid":{"rendered":"https:\/\/new.thinktopaz.cz\/?p=20793"},"modified":"2025-01-17T15:17:41","modified_gmt":"2025-01-17T14:17:41","slug":"zenisek-nechceme-aby-nam-v-podpore-technologii-ujel-vlak","status":"publish","type":"post","link":"https:\/\/new.thinktopaz.cz\/en\/2024\/06\/24\/zenisek-nechceme-aby-nam-v-podpore-technologii-ujel-vlak\/","title":{"rendered":"\u017den\u00ed\u0161ek: Nechceme, aby n\u00e1m v podpo\u0159e technologi\u00ed ujel vlak"},"content":{"rendered":"<p><strong>Ministr pro v\u011bdu, v\u00fdzkum a inovace Marek \u017den\u00ed\u0161ek hovo\u0159il pro lidovky.cz o sv\u00fdch pl\u00e1nech ve vl\u00e1d\u011b i o probl\u00e9mech \u010desk\u00e9 v\u011bdy.<\/strong><\/p>\n\n\n\n<p><strong>Pavel Tuleja se ministrem nestal zejm\u00e9na kv\u016fli sv\u00e9mu sporn\u00e9mu publikov\u00e1n\u00ed v&nbsp;pred\u00e1torsk\u00fdch \u010dasopisech. Nen\u00ed to trochu symptomatick\u00e9, co se fungov\u00e1n\u00ed v\u011bdy t\u00fd\u010de?<\/strong><br>Pamatuji si na poka\u017eenou pov\u011bst instituc\u00ed, kdy\u017e se p\u0159ed zhruba deseti lety p\u0159i\u0161lo na to, jak se na n\u011bkter\u00fdch fakult\u00e1ch prod\u00e1valy tituly. To se dnes u\u017e ned\u011bje tak, jak se to d\u011bje v&nbsp;jin\u00fdch zem\u00edch. P\u0159esto n\u00e1s to po\u0161ramotilo a pro\u0161li jsme v\u00fdvojem. Pred\u00e1torsk\u00e9 \u010dasopisy jsou n\u011bco obdobn\u00e9ho. Byla to praxe v&nbsp;minulosti a dnes u\u017e se to zas a\u017e tolik ned\u011bje. M\u011b ale zar\u00e1\u017e\u00ed, \u017ee nep\u0159i\u0161lo n\u011bjak\u00e9 vyj\u00e1d\u0159en\u00ed od t\u011bch dot\u010den\u00fdch instituc\u00ed k&nbsp;probl\u00e9mu samotn\u00e9mu, a\u0165 u\u017e v&nbsp;jak\u00e9koliv podob\u011b. Mohly \u0159\u00edci: probl\u00e9m to nen\u00ed, je to historie. Nebo: probl\u00e9m to je a budeme ho cht\u00edt \u0159e\u0161it. Jen\u017ee on dosud nep\u0159i\u0161el \u017e\u00e1dn\u00fd jednozna\u010dn\u00fd postoj.<\/p>\n\n\n\n<p><strong>Posu\u0148me se te\u010f k&nbsp;va\u0161emu \u00fa\u0159adu. Poda\u0159ilo se v\u00e1m dojednat nav\u00fd\u0161en\u00ed rozpo\u010dtu pro v\u011bdu. Ot\u00e1zkou ale je, o&nbsp;kolik to bude, nebo\u0165 i dal\u0161\u00ed minist\u0159i cht\u011bj\u00ed nav\u00fd\u0161en\u00ed pro sv\u00e9 resorty.<\/strong><br>Jsem v&nbsp;jist\u00e9 dvojroli: jsem p\u0159edseda Rady vl\u00e1dy pro v\u011bdu, v\u00fdzkum a inovace, poradn\u00edho org\u00e1nu vl\u00e1dy, a z\u00e1rove\u0148 jsem \u010dlenem kabinetu. Jako p\u0159edseda jsem ze z\u00e1kona povinen p\u0159edlo\u017eit vl\u00e1d\u011b n\u00e1vrh tak, jak ho rada vypracovala. Tak jsem do konce kv\u011btna i u\u010dinil a tento n\u00e1vrh byl projedn\u00e1n vl\u00e1dou. Po\u010d\u00edt\u00e1 s&nbsp;nav\u00fd\u0161en\u00edm pro p\u0159\u00ed\u0161t\u00ed rok o&nbsp;zhruba p\u011bt miliard korun, celkem tedy na sumu 45 miliard. Ale to neznamen\u00e1, \u017ee to tak i dopadne. Jedn\u00e1n\u00ed o&nbsp;rozpo\u010dtu nejsou ukon\u010den\u00e1, by\u0165 ministru financ\u00ed (Zby\u0148ku Stanjurovi z&nbsp;ODS \u2013 pozn. red.) byla ulo\u017eena povinnost, aby n\u00e1\u0161 rozpo\u010det nav\u00fd\u0161il. Zat\u00edm bez konkr\u00e9tn\u00ed \u010d\u00e1stky. Jestli se to hodn\u011b p\u0159ibl\u00ed\u017e\u00ed n\u00e1vrhu rady, nebo jestli se to naopak bude od n\u011bj vzdalovat, to te\u010f mus\u00edm odpracovat j\u00e1.<\/p>\n\n\n\n<p>Moj\u00ed nev\u00fdhodou je, \u017ee m\u00e1 agenda se soust\u0159e\u010fuje do \u0161estn\u00e1cti r\u016fzn\u00fdch kapitol, kter\u00e9 jdou nap\u0159\u00ed\u010d resorty. P\u0159esto\u017ee to vyjedn\u00e1v\u00e1m j\u00e1, pen\u00edze odch\u00e1zej\u00ed na ministerstvo \u0161kolstv\u00ed, pr\u016fmyslu, \u017eivotn\u00edho prost\u0159ed\u00ed a dal\u0161\u00ed. Bude to slo\u017eit\u00fd proces, nejen z&nbsp;d\u016fvodu konsolidace, ale i proto, \u017ee jsou zde mandatorn\u00ed v\u00fddaje\u2026<\/p>\n\n\n\n<p>Ka\u017edop\u00e1dn\u011b m\u00e1m jistotu, \u017ee rozpo\u010det pro v\u011bdu bude vy\u0161\u0161\u00ed, ne\u017e byl v&nbsp;minul\u00fdch dvou letech, kdy stagnoval. Bude tak odpov\u00eddat programov\u00e9mu prohl\u00e1\u0161en\u00ed, kde u\u017e t\u0159i roky \u0159\u00edk\u00e1me, \u017ee dojde k&nbsp;nav\u00fd\u0161en\u00ed. Ale s&nbsp;jakou \u010d\u00e1stkou budu ve fin\u00e1le spokojen, v\u00e1m ne\u0159eknu.<\/p>\n\n\n\n<p><strong>Kabinet se vymezuje v\u016f\u010di tomu, jak se o&nbsp;nav\u00fd\u0161en\u00ed pro sv\u00e9 resorty prali minist\u0159i v&nbsp;p\u0159edchoz\u00edch vl\u00e1d\u00e1ch. Jak postupujete?<\/strong><br>Je to jeden ze zp\u016fsob\u016f sestavov\u00e1n\u00ed rozpo\u010dtu, kter\u00fd pova\u017euji za vhodn\u00fd ve chv\u00edli, kdy vl\u00e1dn\u00ed koalici tvo\u0159\u00ed p\u011bt stran. O&nbsp;ka\u017ed\u00e9 kapitole rozpo\u010dtu, a\u0165 se t\u00fdk\u00e1 kohokoliv, jednaj\u00ed v\u0161ichni. Nikdo nestoj\u00ed v&nbsp;\u0159ad\u011b p\u0159ed ministerstvem financ\u00ed s&nbsp;t\u00edm, \u017ee si tam jde n\u011bco uh\u00e1dat na \u00fakor n\u011bkoho jin\u00e9ho. Kdy\u017e je opodstatn\u011bn\u00fd d\u016fvod k&nbsp;nav\u00fd\u0161en\u00ed, mus\u00ed b\u00fdt tak\u00e9 jasn\u011b \u0159e\u010deno, kde se zase ubere.<\/p>\n\n\n\n<p>Zde je naopak mou v\u00fdhodou propojenost s&nbsp;dal\u0161\u00edmi resorty, proto\u017ee p\u0159edpokl\u00e1d\u00e1m podporu i od koleg\u016f. Nicm\u00e9n\u011b j\u00e1 nikdy nebudu d\u00e1vat podm\u00ednky, jako to d\u011blaj\u00ed jin\u00ed, \u017ee kdy\u017e nedostanu tolik a tolik miliard, odejdu z&nbsp;kabinetu \u010di nepodpo\u0159\u00edm rozpo\u010det. To je jin\u00fd styl vyjedn\u00e1v\u00e1n\u00ed, kter\u00fd mi nevyhovuje. Kdyby se takto choval ka\u017ed\u00fd, rozumn\u00e9ho v\u00fdsledku se nedobereme.<\/p>\n\n\n\n<p><strong>\u010c\u00edm chcete argumentovat?<\/strong><br>T\u0159eba porovn\u00e1n\u00edm s&nbsp;ostatn\u00edmi st\u00e1ty, jako jsou t\u0159eba Finsko \u010di Rakousko, kde se na oblast v\u011bdy vynakl\u00e1d\u00e1 mnohem v\u00edc. D\u00e1le podporou technologi\u00ed, o&nbsp;kter\u00fdch se domn\u00edv\u00e1me, \u017ee budou jednou kl\u00ed\u010dov\u00e9 \u2013 nechceme, aby n\u00e1m v&nbsp;t\u011bchto oblastech ujel vlak a aby kv\u016fli tomu odch\u00e1zeli v\u00fdzkumn\u00edci n\u011bkam jinam, kde jsou pro n\u011b podm\u00ednky kvalitn\u011bj\u0161\u00ed. Mus\u00edme sledovat nejen to, co se d\u011bje v&nbsp;zem\u00edch, je\u017e jsou v&nbsp;tomto sm\u011bru mnohem d\u00e1l ne\u017e my, t\u0159eba Ji\u017en\u00ed Korea \u010di Izrael. Konkurence roste i uvnit\u0159 EU. Mus\u00edme sledovat, co se d\u011bje t\u0159eba v&nbsp;Polsku.<\/p>\n\n\n\n<p>Strategick\u00e9 oblasti vl\u00e1da schv\u00e1lila t\u0159i, by\u0165 jich je mnohem v\u00edc \u2013 schv\u00e1len\u00e1 je oblast um\u011bl\u00e9 inteligence, d\u00e1le polovodi\u010de, kter\u00e9 jsou kl\u00ed\u010dov\u00e9 pro dal\u0161\u00ed rozvoj v&nbsp;pr\u016fmyslu, a do t\u0159etice kvantov\u00e9 technologie. Chci, aby pen\u00edze plynuly zejm\u00e9na do t\u00e9 u\u017e excelentn\u00ed roviny, do \u0161pi\u010dkov\u00e9ho v\u00fdzkumu, proto\u017ee v&nbsp;tom je\u0161t\u011b m\u016f\u017eeme krok dr\u017eet \u2013 \u010di p\u0159esn\u011bji chceme dr\u017eet. Pokud bychom postupovali tak, \u017ee ka\u017ed\u00fd dostane tro\u0161ku, v&nbsp;podstat\u011b nezachr\u00e1n\u00edme nikoho. Bylo by to m\u00e1lo pro ta pracovi\u0161t\u011b, je\u017e by jednou mohla b\u00fdt onou excelenc\u00ed, ale z\u00e1rove\u0148 ztrat\u00edme konkurenceschopnost u&nbsp;t\u011bch ji\u017e excelentn\u00edch.<\/p>\n\n\n\n<p><strong>B\u00fdval\u00fd premi\u00e9r ODS Mirek Topol\u00e1nek v&nbsp;posledn\u00ed dob\u011b vzn\u00e1\u0161el v&nbsp;souvislost\u00ed s&nbsp;excelenc\u00ed \u00favahu, jestli nem\u00e1me p\u0159\u00edli\u0161 mnoho ve\u0159ejn\u00fdch vysok\u00fdch \u0161kol, kter\u00e9 se pot\u00e9 v&nbsp;hodnocen\u00ed neumis\u0165uj\u00ed p\u0159\u00edli\u0161 vysoko, by\u0165 v&nbsp;porovn\u00e1n\u00ed s&nbsp;cel\u00fdm sv\u011btem to jist\u011b vysoko je. Nem\u011blo by jich b\u00fdt m\u00e9n\u011b, zato excelentn\u011bj\u0161\u00ed?<\/strong><br>Jsem si v\u011bdom, \u017ee nastupuji do vl\u00e1dy v&nbsp;situaci, kdy za rok a n\u011bco bude kabinet kon\u010dit. P\u0159edstava, \u017ee te\u010f \u2013 a\u0165 u\u017e j\u00e1, p\u0159esto\u017ee m\u011b to \u00fapln\u011b nep\u0159\u00edslu\u0161\u00ed, musel by to p\u0159ipravit ministr \u0161kolstv\u00ed \u2013 by do\u0161lo k&nbsp;n\u011bjak\u00e9 razantn\u00ed reform\u011b, co do po\u010dtu vysok\u00fdch \u0161kol, z\u00e1rove\u0148 by se ale zajistil po\u017eadavek na zvy\u0161ov\u00e1n\u00ed po\u010dtu vysoko\u0161kolsky vzd\u011blan\u00fdch lid\u00ed, to si neum\u00edm p\u0159edstavit. Nem\u016f\u017eete cel\u00fd syst\u00e9m zru\u0161it ve \u010dtvrtek a v&nbsp;p\u00e1tek ho postavit znovu. Reformn\u00edmi kroky ho lze modifikovat.<\/p>\n\n\n\n<p>My nyn\u00ed revidujeme metodiku, dle kter\u00e9 se hodnot\u00ed v\u00fdstupy pracovi\u0161\u0165, na z\u00e1klad\u011b kter\u00fdch jim poskytujeme finan\u010dn\u00ed podporu. Zde je tradi\u010dn\u00ed spor o&nbsp;to, jestli je d\u016fle\u017eit\u011bj\u0161\u00ed v&nbsp;\u00fa\u010delov\u00e9 podpo\u0159e napom\u00e1hat aplikovan\u00e9mu v\u00fdzkumu, nebo z\u00e1kladn\u00edmu v\u00fdzkumu. N\u011bkter\u00e9 zem\u011b ji\u017e mezi t\u00edm ned\u011blaj\u00ed rozd\u00edl, proto\u017ee na to neexistuje jednozna\u010dn\u00e1 odpov\u011b\u010f. Zm\u00ednil bych t\u0159eba, \u017ee profesor Anton\u00edn Hol\u00fd z&nbsp;Akademie v\u011bd a jeho l\u00e9k na AIDS, tak to by byl v\u00fdsledek z\u00e1kladn\u00edho v\u00fdzkumu.<\/p>\n\n\n\n<p><strong>Ministr \u0161kolstv\u00ed Mikul\u00e1\u0161 Bek (STAN) vznesl neust\u00e1le se opakuj\u00edc\u00ed my\u0161lenku zpoplatn\u011bn\u00ed ve\u0159ejn\u00fdch vysok\u00fdch \u0161kol. Byl byste pro?<\/strong><br>J\u00e1 i celkov\u011b TOP&nbsp;09 jsme dlouhodob\u011b zast\u00e1nci n\u011bjak\u00e9ho zpoplatn\u011bn\u00ed. Na druhou stranu je ot\u00e1zkou, zda finance t\u00edm z\u00edskan\u00e9 by daly takov\u00fd obnos, o&nbsp;n\u011bm\u017e si n\u011bkte\u0159\u00ed mysl\u00ed, \u017ee by p\u0159inesly. Pokud o&nbsp;tom kolega Bek mluv\u00ed, tak jist\u011b v\u00ed, \u017ee otev\u00edr\u00e1 debatu, kter\u00e1 nem\u016f\u017ee naj\u00edt do konce volebn\u00edho obdob\u00ed \u00farodnou p\u016fdu (sn\u011bmovn\u00ed volby maj\u00ed b\u00fdt na podzim 2025 \u2013 pozn. red. ).<\/p>\n\n\n\n<p><strong>Vy jste ale p\u0159ij\u00edmal funkci ministra s&nbsp;t\u00edm, \u017ee vl\u00e1d\u011b zb\u00fdv\u00e1 do konce rok a \u010d\u00e1st.<\/strong><br>V\u011bd\u011bl jsem, jak\u00e9 jsou limituj\u00edc\u00ed faktory. Jeden z&nbsp;nich je pr\u00e1v\u011b \u010das. \u017de p\u0159ijde nov\u00fd ministr s&nbsp;novou koncepc\u00ed a tu stihne zrealizovat, je utopie. Naopak sna\u017e\u00edm podstatn\u00e9 c\u00edle, kter\u00e9 se \u0159e\u0161\u00ed del\u0161\u00ed dobu, dot\u00e1hnout do takov\u00e9ho konce, aby byl viditeln\u00fd v\u00fdsledek. Kl\u00ed\u010dov\u00fd je rozpo\u010det, kter\u00fd jsme probrali. Pak je zde z\u00e1kon o&nbsp;v\u00fdzkumu, v\u00fdvoji, inovac\u00edch a transferu znalost\u00ed, kter\u00fd byl u\u017e za 22 let sv\u00e9 existence novelizov\u00e1n dvaadvacetkr\u00e1t. Podporuji tedy rekodifikaci skrze zcela nov\u00fd z\u00e1kon, kter\u00fd bude p\u0159ehledn\u00fd. Ten se ji\u017e p\u0159ipravuje, ale zazn\u00edv\u00e1 proti n\u011bmu mnoho p\u0159ipom\u00ednek, kter\u00e9 jsou n\u011bkdy relevantn\u00ed, n\u011bkdy ale jde o&nbsp;nechu\u0165 ke zm\u011bn\u011b.<\/p>\n\n\n\n<p>Mn\u011b te\u010f na srdci nejv\u00edc le\u017e\u00ed, \u017ee mus\u00edm co nejrychleji vy\u0159e\u0161it p\u0159ipom\u00ednky. Vyhodnotit, zda je pro m\u011b politicky \u00fanostn\u00e9, ale z\u00e1rove\u0148, zda je v\u011bcn\u011b spr\u00e1vn\u00e9, kdy\u017e t\u0159eba upust\u00edm od n\u011bjak\u00e9 \u010d\u00e1sti v&nbsp;z\u00e1kon\u011b, aby m\u011bla legislativa v\u011bt\u0161\u00ed \u0161anci na pr\u016fchod. Nechci se zpronev\u011b\u0159it my\u0161lence, \u017ee z\u00e1kon p\u0159inese n\u011bco nov\u00e9ho: sn\u00ed\u017een\u00ed administrativy, p\u0159ehlednost, transparentnost, po \u010dem\u017e se vol\u00e1. Nechci, aby to byla jen zm\u011bna pro zm\u011bnu. Z\u00e1rove\u0148 se nehodl\u00e1m dostat do situace, abych m\u011bl p\u0159ipraven\u00fd na sto procent ide\u00e1ln\u00ed z\u00e1kon, kde je \u00fapln\u011b v\u0161echno, kter\u00fd se ale nestihne schv\u00e1lit. Takov\u00fdch p\u0159\u00edb\u011bh\u016f u\u017e bylo tady v&nbsp;Poslaneck\u00e9 sn\u011bmovn\u011b mnoho.<\/p>\n\n\n\n<p>Rozhodn\u011b bych oponoval t\u011bm, kte\u0159\u00ed tvrd\u00ed, \u017ee jsem byl jmenov\u00e1n proto, \u017ee to m\u00e1m ve zb\u00fdvaj\u00edc\u00edm \u010dase jen n\u011bjak dohr\u00e1t. Kdyby to tak bylo, tak bych tu pozici nep\u0159ijal. Kdybych si nebyl jist\u00fd, \u017ee je cel\u00e1 \u0159ada v\u011bc\u00ed, kter\u00e9 jsem schopen dot\u00e1hnout do konce.<\/p>\n\n\n\n<p><strong>\u010cesk\u00e1 republika se pot\u00fdk\u00e1 s&nbsp;n\u00edzk\u00fdm hospod\u00e1\u0159sk\u00fdm r\u016fstem. Nen\u00ed jednou z&nbsp;cest, jak ekonomiku nakopnout, p\u0159il\u00e1kat zahrani\u010dn\u00ed investory a to pr\u00e1v\u011b skrze v\u011bdeck\u00e9 projekty a pracovi\u0161t\u011b, kter\u00e9 m\u016f\u017eeme nab\u00eddnout?<\/strong><br>Nev\u00fdhodou m\u00e9ho postu je, \u017ee v\u00fdsledky budou vid\u011bt a\u017e \u010dasem, \u017ee se jimi bude chlubit u\u017e jin\u00fd ministr. St\u00e1le nedokon\u010denou debatu vedeme nad n\u011bkter\u00fdmi z\u00e1le\u017eitostmi, kter\u00e9 by mohly velmi pomoci: nap\u0159\u00edklad zam\u011bstnaneck\u00e9 akcie spole\u010dn\u011b s&nbsp;p\u016fj\u010dkami na p\u0159eklenut\u00ed n\u011bjak\u00e9ho obdob\u00ed. Seznam opat\u0159en\u00ed je ve\u0159ejnosti zn\u00e1m\u00fd, mus\u00edme jej jenom dot\u00e1hnout do konce.<\/p>\n\n\n\n<p>Je to samoz\u0159ejm\u011b celistv\u00fd syst\u00e9m: mus\u00edm pl\u00e1novat i takov\u00e9 v\u011bci, aby n\u00e1m t\u0159eba do budoucna nechyb\u011bli studenti, kter\u00e9 budeme ve v\u00fdzkumu pot\u0159ebovat. Varoval bych tedy p\u0159ed t\u00edm, \u017ee se vymysl\u00ed jeden \u00fa\u017easn\u00fd krok, kter\u00fd n\u00e1s spas\u00ed: nap\u0159\u00edklad \u017ee se zavedou da\u0148ov\u00e9 odpo\u010dty a v\u0161echny firmy budou najednou cht\u00edt participovat na v\u00fdzkumu, nebo \u017ee budou zam\u011bstnaneck\u00e9 akcie vymy\u0161leny n\u011bjak l\u00e9pe a \u017ee se tady bude rodit jeden startup za druh\u00fdm. P\u0159edstava, \u017ee n\u011bkdo p\u0159ijde s&nbsp;jedn\u00edm n\u00e1vrhem, kter\u00fd doc\u00edl\u00ed, aby se tady rodilo v\u00edce startup\u016f, je iluzorn\u00ed.<\/p>\n\n\n\n<p>Probl\u00e9mem je, \u017ee dneska velk\u00e9 startupy ani nemaj\u00ed d\u016fvod j\u00edt sem do tohoto prost\u0159ed\u00ed. Jdou rovnou rad\u011bji n\u011bkam ven a v\u00ed, \u017ee tam usp\u011bj\u00ed. V\u00ed, \u017ee tam u\u017e bude daleko snaz\u0161\u00ed transfer znalost\u00ed do praxe, \u017ee u\u017e to prost\u0159ed\u00ed je na to daleko v\u00edce zvykl\u00e9. Pokud budu m\u00edt i na to, co jsem zm\u00ednil, nav\u00e1zan\u00e9 v\u00fdborn\u00e9 instituce, kter\u00e9 budou finan\u010dn\u011b zabezpe\u010den\u00e9, tak sem pravd\u011bpodobn\u011b bude p\u0159ich\u00e1zet v\u00edce zahrani\u010dn\u00edch v\u011bdc\u016f. N\u011bkdy m\u00e1m pocit, \u017ee k&nbsp;tomu p\u0159istupujeme tak, \u017ee ti \u0161pi\u010dkov\u00ed v\u011bdci sem k&nbsp;n\u00e1m p\u016fjdou jenom kv\u016fli tomu, \u017ee jsme hezk\u00e1 republika s&nbsp;dobr\u00fdm pivem a hezk\u00fdmi Hrad\u010dany a Karl\u0161tejnem. To u\u017e d\u00e1vno nesta\u010d\u00ed.<\/p>\n\n\n\n<p><strong>M\u00e1me za sebou evropsk\u00e9 volby, kde se \u0159e\u0161ila mimo jin\u00e9 i elektromobilita. Nem\u011bl by to pro n\u00e1s b\u00fdt bud\u00ed\u010dek, \u017ee n\u00e1s i Asie p\u0159edb\u011bhla co do kvality?<\/strong><br>Jednozna\u010dn\u011b. Pominu-li faktor, \u017ee ze strany autorit\u00e1\u0159sk\u00fdch st\u00e1t\u016f jako je \u010c\u00edna, jdou do v\u011bdy ohromn\u00e9 subvence, a proto jsou cenov\u011b bezkonkuren\u010dn\u00ed s&nbsp;n\u011bjak\u00fdm na\u0161\u00edm produktem, tak jde samoz\u0159ejm\u011b i o&nbsp;ten v\u00fdvoj samotn\u00fd. Kone\u010dn\u011b m\u00e1me snahu m\u00edt cel\u00fd proces pod kontrolou, co se t\u0159eba t\u011bch strategick\u00fdch technologi\u00ed t\u00fd\u010de. Od v\u00fdvoje p\u0159es realizaci a\u017e po inovace. Abychom nebyli z\u00e1visl\u00ed na jin\u00fdch oblastech sv\u011bta, ale abychom to m\u011bli v\u0161e v&nbsp;prostoru Evropa a USA.<\/p>\n\n\n\n<p><strong>Co by je\u0161t\u011b m\u011bla vl\u00e1da zvl\u00e1dnout? Je dostate\u010dn\u00e9 to, co se stihlo dosud?<\/strong><br>Asi um\u00edm pochopit n\u011bkter\u00e9 v\u00fdtky tohoto typu. Nicm\u00e9n\u011b st\u00e1le si pamatuju dobu t\u0159i roky nazp\u00e1tek \u2013 do jak\u00e9ho prost\u0159ed\u00ed vl\u00e1da nastupovala. Pamatuju si v\u00fdroky \u0159ady koment\u00e1tor\u016f, \u017ee vl\u00e1da p\u011bti politick\u00fdch stran nikdy nem\u016f\u017ee vydr\u017eet. P\u0159ich\u00e1zeli jsme je\u0161t\u011b v&nbsp;covidov\u00e9 dob\u011b, pot\u00e9 za\u010dalo d\u011bn\u00ed na Ukrajin\u011b a s&nbsp;t\u00edm spojen\u00e9 n\u00e1klady. P\u0159esto vl\u00e1da st\u00e1le dr\u017e\u00ed pohromad\u011b a hlavn\u00ed c\u00edle, kter\u00e9 si vytkla \u2013 a\u0165 u\u017e to byla d\u016fchodov\u00e1 reforma nebo stabilizace ve\u0159ejn\u00fdch financ\u00ed, tedy abychom si mohli t\u0159eba v&nbsp;roce 2029 \u0159\u00edct, \u017ee op\u011bt m\u00e1me vyrovnan\u00fd rozpo\u010det \u2013 se j\u00ed da\u0159\u00ed.<\/p>\n\n\n\n<p>Nebudu rozporovat n\u011bkter\u00e9 koment\u00e1\u0159e, \u017ee vl\u00e1da ne a\u017e tak dob\u0159e um\u00ed zkomunikovat sv\u00e9 \u00fasp\u011bchy. Aby byl voli\u010d hrd\u00fd na to, co se poda\u0159ilo. Nejv\u011bt\u0161\u00ed devizou t\u00e9to vl\u00e1dy je, \u017ee i p\u0159es ty v\u0161echny probl\u00e9my se um\u011bla v\u017edy dohodnout. To s&nbsp;sebou samoz\u0159ejm\u011b nese ur\u010dit\u00e9 riziko, \u017ee \u010dasto jde o&nbsp;kompromisy, kdy \u0159ada voli\u010d\u016f \u2013 a\u0165 u\u017e t\u00e9, \u010di jin\u00e9 strany \u2013 s&nbsp;t\u00edm nemus\u00ed b\u00fdt ztoto\u017en\u011bna, proto\u017ee to nen\u00ed t\u011bch sto procent, co o\u010dek\u00e1vali.<\/p>\n\n\n\n<p>Mysl\u00edm, \u017ee se op\u011bt poda\u0159\u00ed sestavit rozpo\u010det tak, \u017ee nebudeme navy\u0161ovat dluh. Postupn\u011b ho sni\u017eujeme, by\u0165 n\u011bkte\u0159\u00ed budou ur\u010dit\u011b k\u0159i\u010det, \u017ee je to pomalu. J\u00e1 osobn\u011b si um\u00edm p\u0159edstavit t\u0159eba i zadlu\u017een\u00ed, pokud by sm\u011b\u0159ovalo do investic.<\/p>\n\n\n\n<p><a href=\"https:\/\/www.lidovky.cz\/domov\/zenisek-ministr-pro-vedu-vyzkum-inovace-top-09-kalousek.A240619_090754_ln_domov_lsva\" target=\"_blank\" rel=\"noreferrer noopener\">DOMINIK STEIN, LIDOVKY.CZ, 19. 6. 2024<\/a><\/p>","protected":false},"excerpt":{"rendered":"<p>Ministr pro v\u011bdu, v\u00fdzkum a inovace Marek \u017den\u00ed\u0161ek hovo\u0159il pro lidovky.cz o sv\u00fdch pl\u00e1nech ve vl\u00e1d\u011b i o probl\u00e9mech \u010desk\u00e9 v\u011bdy. Pavel Tuleja se ministrem nestal zejm\u00e9na kv\u016fli sv\u00e9mu sporn\u00e9mu publikov\u00e1n\u00ed v&nbsp;pred\u00e1torsk\u00fdch \u010dasopisech. Nen\u00ed to trochu symptomatick\u00e9, co se fungov\u00e1n\u00ed v\u011bdy t\u00fd\u010de?Pamatuji si na poka\u017eenou pov\u011bst instituc\u00ed, kdy\u017e se p\u0159ed zhruba deseti lety p\u0159i\u0161lo na [&hellip;]<\/p>","protected":false},"author":8,"featured_media":20794,"comment_status":"closed","ping_status":"closed","sticky":false,"template":"","format":"standard","meta":{"footnotes":""},"categories":[5],"tags":[119,76,116,117],"class_list":["post-20793","post","type-post","status-publish","format-standard","has-post-thumbnail","hentry","category-aktuality","tag-inovace","tag-marek-zenisek","tag-technologie","tag-vyzkum"],"_links":{"self":[{"href":"https:\/\/new.thinktopaz.cz\/en\/wp-json\/wp\/v2\/posts\/20793","targetHints":{"allow":["GET"]}}],"collection":[{"href":"https:\/\/new.thinktopaz.cz\/en\/wp-json\/wp\/v2\/posts"}],"about":[{"href":"https:\/\/new.thinktopaz.cz\/en\/wp-json\/wp\/v2\/types\/post"}],"author":[{"embeddable":true,"href":"https:\/\/new.thinktopaz.cz\/en\/wp-json\/wp\/v2\/users\/8"}],"replies":[{"embeddable":true,"href":"https:\/\/new.thinktopaz.cz\/en\/wp-json\/wp\/v2\/comments?post=20793"}],"version-history":[{"count":1,"href":"https:\/\/new.thinktopaz.cz\/en\/wp-json\/wp\/v2\/posts\/20793\/revisions"}],"predecessor-version":[{"id":20795,"href":"https:\/\/new.thinktopaz.cz\/en\/wp-json\/wp\/v2\/posts\/20793\/revisions\/20795"}],"wp:featuredmedia":[{"embeddable":true,"href":"https:\/\/new.thinktopaz.cz\/en\/wp-json\/wp\/v2\/media\/20794"}],"wp:attachment":[{"href":"https:\/\/new.thinktopaz.cz\/en\/wp-json\/wp\/v2\/media?parent=20793"}],"wp:term":[{"taxonomy":"category","embeddable":true,"href":"https:\/\/new.thinktopaz.cz\/en\/wp-json\/wp\/v2\/categories?post=20793"},{"taxonomy":"post_tag","embeddable":true,"href":"https:\/\/new.thinktopaz.cz\/en\/wp-json\/wp\/v2\/tags?post=20793"}],"curies":[{"name":"wp","href":"https:\/\/api.w.org\/{rel}","templated":true}]}}