{"id":21066,"date":"2024-10-01T13:56:31","date_gmt":"2024-10-01T11:56:31","guid":{"rendered":"https:\/\/new.thinktopaz.cz\/?p=21066"},"modified":"2024-10-01T13:56:31","modified_gmt":"2024-10-01T11:56:31","slug":"prirodovedec-jakub-hruska-nebude-li-zrizen-na-krivoklatsku-narodni-park-vzacni-brouci-houby-i-lisejniky-vyhynou","status":"publish","type":"post","link":"https:\/\/new.thinktopaz.cz\/en\/2024\/10\/01\/prirodovedec-jakub-hruska-nebude-li-zrizen-na-krivoklatsku-narodni-park-vzacni-brouci-houby-i-lisejniky-vyhynou\/","title":{"rendered":"P\u0159\u00edrodov\u011bdec Jakub Hru\u0161ka: Nebude-li z\u0159\u00edzen na K\u0159ivokl\u00e1tsku n\u00e1rodn\u00ed park, vz\u00e1cn\u00ed brouci, houby i li\u0161ejn\u00edky vyhynou"},"content":{"rendered":"<p>,,M\u016f\u017ee sou\u010dasn\u00e1 p\u0159ipravenost a pohotov\u00e9 reakce na aktu\u00e1ln\u00ed povodn\u011b pos\u00edlit d\u016fv\u011bru \u010cech\u016f v odborn\u00edky a jejich hlas?<\/p>\n\n\n\n<p>Byl bych r\u00e1d, kdyby to tak bylo. P\u0159edpov\u011b\u010f \u010cHM\u00da vy\u0161la naprosto p\u0159esn\u011b, a nejm\u00e9n\u011b v meteorology d\u016fv\u011bru pos\u00edlila.<br>Ve v\u011bcech dlouhodob\u011bj\u0161\u00edho charakteru, a anga\u017eovanost\u00ed vlivov\u00fdch skupin u\u017e to ale tak dobr\u00e9 nen\u00ed. P\u0159\u00edkladem budi\u017e NP K\u0159ivokl\u00e1tsko. Existuje dlouh\u00e1 \u0159ada odborn\u00fdch argument\u016f, pro\u010d park z\u0159\u00eddit. Jsou zde zbytky star\u00fdch listnat\u00fdch les\u016f, ve kter\u00fdch dosud \u017eij\u00ed velmi vz\u00e1cn\u00ed brouci, houby, li\u0161ejn\u00edky \u010di rostliny. Nebude-li NP z\u0159\u00edzen, pravd\u011bpodobn\u011b d\u00edky \u201eb\u011b\u017en\u00e9mu\u201c lesnick\u00e9mu hospoda\u0159en\u00ed vyhynou. Nav\u00edc st\u00e1t, kter\u00fd v\u0161echny lesy v \u00fazem\u00ed vlastn\u00ed (!) mus\u00ed za ochranu (nevyk\u00e1cen\u00ed) mal\u00fdch rezervac\u00ed platit ca. 15 mil. K\u010d ro\u010dn\u011b takt\u00e9\u017e st\u00e1tn\u00edmu podniku L\u010cR. M\u00edstn\u00ed obyvatel\u00e9 si park nep\u0159ej\u00ed, p\u0159esto\u017ee \u017e\u00e1dn\u00e9 relevantn\u00ed argumenty nemaj\u00ed a ty v\u011bdeck\u00e9 prost\u011b \u201eneberou&#8221;. Bohu\u017eel zat\u00edm politicky v\u00edt\u011bz\u00ed, a dob\u0159e p\u0159edpov\u011bzen\u00e9 povodn\u011b to asi nezm\u011bn\u00ed.&#8221;<\/p>\n\n\n\n<p><\/p>\n\n\n\n<p><\/p>\n\n\n\n<p class=\"has-text-align-right\"><em>Jakub Hru\u0161ka odpov\u00eddal na ot\u00e1zku T\u00fdden\u00edku Respekt v r\u00e1mci \u010deho\u017e to okomentoval na sv\u00e9m Facebooku.<\/em><\/p>","protected":false},"excerpt":{"rendered":"<p>,,M\u016f\u017ee sou\u010dasn\u00e1 p\u0159ipravenost a pohotov\u00e9 reakce na aktu\u00e1ln\u00ed povodn\u011b pos\u00edlit d\u016fv\u011bru \u010cech\u016f v odborn\u00edky a jejich hlas? Byl bych r\u00e1d, kdyby to tak bylo. P\u0159edpov\u011b\u010f \u010cHM\u00da vy\u0161la naprosto p\u0159esn\u011b, a nejm\u00e9n\u011b v meteorology d\u016fv\u011bru pos\u00edlila.Ve v\u011bcech dlouhodob\u011bj\u0161\u00edho charakteru, a anga\u017eovanost\u00ed vlivov\u00fdch skupin u\u017e to ale tak dobr\u00e9 nen\u00ed. P\u0159\u00edkladem budi\u017e NP K\u0159ivokl\u00e1tsko. Existuje dlouh\u00e1 \u0159ada [&hellip;]<\/p>","protected":false},"author":8,"featured_media":21067,"comment_status":"closed","ping_status":"","sticky":false,"template":"","format":"standard","meta":{"footnotes":""},"categories":[5],"tags":[113,148,147],"class_list":["post-21066","post","type-post","status-publish","format-standard","has-post-thumbnail","hentry","category-aktuality","tag-jakub-hruska","tag-narodni-parky","tag-prirodovedec"],"_links":{"self":[{"href":"https:\/\/new.thinktopaz.cz\/en\/wp-json\/wp\/v2\/posts\/21066","targetHints":{"allow":["GET"]}}],"collection":[{"href":"https:\/\/new.thinktopaz.cz\/en\/wp-json\/wp\/v2\/posts"}],"about":[{"href":"https:\/\/new.thinktopaz.cz\/en\/wp-json\/wp\/v2\/types\/post"}],"author":[{"embeddable":true,"href":"https:\/\/new.thinktopaz.cz\/en\/wp-json\/wp\/v2\/users\/8"}],"replies":[{"embeddable":true,"href":"https:\/\/new.thinktopaz.cz\/en\/wp-json\/wp\/v2\/comments?post=21066"}],"version-history":[{"count":1,"href":"https:\/\/new.thinktopaz.cz\/en\/wp-json\/wp\/v2\/posts\/21066\/revisions"}],"predecessor-version":[{"id":21068,"href":"https:\/\/new.thinktopaz.cz\/en\/wp-json\/wp\/v2\/posts\/21066\/revisions\/21068"}],"wp:featuredmedia":[{"embeddable":true,"href":"https:\/\/new.thinktopaz.cz\/en\/wp-json\/wp\/v2\/media\/21067"}],"wp:attachment":[{"href":"https:\/\/new.thinktopaz.cz\/en\/wp-json\/wp\/v2\/media?parent=21066"}],"wp:term":[{"taxonomy":"category","embeddable":true,"href":"https:\/\/new.thinktopaz.cz\/en\/wp-json\/wp\/v2\/categories?post=21066"},{"taxonomy":"post_tag","embeddable":true,"href":"https:\/\/new.thinktopaz.cz\/en\/wp-json\/wp\/v2\/tags?post=21066"}],"curies":[{"name":"wp","href":"https:\/\/api.w.org\/{rel}","templated":true}]}}