{"id":21069,"date":"2024-10-03T12:58:40","date_gmt":"2024-10-03T10:58:40","guid":{"rendered":"https:\/\/new.thinktopaz.cz\/?p=21069"},"modified":"2024-10-03T12:58:40","modified_gmt":"2024-10-03T10:58:40","slug":"novy-clen-nasi-vykonne-rady-poslanec-matej-ondrej-havel","status":"publish","type":"post","link":"https:\/\/new.thinktopaz.cz\/en\/2024\/10\/03\/novy-clen-nasi-vykonne-rady-poslanec-matej-ondrej-havel\/","title":{"rendered":"Nov\u00fd \u010dlen na\u0161\u00ed v\u00fdkonn\u00e9 rady: Poslanec Mat\u011bj Ond\u0159ej Havel"},"content":{"rendered":"<p>Jsme velice r\u00e1di, \u017ee v na\u0161ich \u0159ad\u00e1ch m\u016f\u017eeme p\u0159iv\u00edtat nov\u00e9ho \u010dlena v\u00fdkonn\u00e9 rady &#8211; poslance a p\u0159edsedu programov\u00e9 rady TOP 09. <\/p>\n\n\n\n<p>&#8220;Jmenuji se Mat\u011bj Havel a narodil jsem se v Hradci Kr\u00e1lov\u00e9, kde jsem tak\u00e9 vyr\u016fstal. M\u016fj \u017eivot se b\u011b\u017en\u011b to\u010d\u00ed kolem vzd\u011bl\u00e1v\u00e1n\u00ed, politiky, historie, hudby a skautingu. V letech 2018 a\u017e 2023 jsem \u0159\u00eddil Gymn\u00e1zium J. K. Tyla v Hradci, od roku 2021 pracuji jako poslanec a od lo\u0148sk\u00e9ho podzimu zast\u00e1v\u00e1m funkci m\u00edstop\u0159edsedy TOP 09.<\/p>\n\n\n\n<p>I have been involved in scouting since childhood, and I now serve as an instructor at a forest school, helping to train new scout leaders. In addition to scouting, I am also devoted to music\u2014I play the organ and actively participate in the life of the Pouchov parish in Hradec Kr\u00e1lov\u00e9.<\/p>\n\n\n\n<p>My alma mater is the University of Hradec Kr\u00e1lov\u00e9, where I studied teaching and choral conducting. Then I decided I wasn\u2019t done yet, so I pursued a doctoral degree in history at Charles University. I began my professional career at the Bishop\u2019s Grammar School in Hradec Kr\u00e1lov\u00e9, where I founded the school choir and helped establish an elementary art school.<\/p>\n\n\n\n<p>Do aktivn\u00ed politiky jsem vstoupil v roce 2021, kdy m\u011b preferen\u010dn\u00ed hlasy poslaly do Poslaneck\u00e9 sn\u011bmovny. Od roku 2023 zast\u00e1v\u00e1m funkci m\u00edstop\u0159edsedy TOP 09 a v \u010dervenci 2024 jsem p\u0159evzal veden\u00ed sn\u011bmovn\u00edho V\u00fdboru pro v\u011bdu, vzd\u011bl\u00e1n\u00ed, kulturu, ml\u00e1de\u017e a t\u011blov\u00fdchovu.&#8221;<\/p>\n\n\n\n<p>                                                                                                                                 <em>Mat\u011bj Ond\u0159ej Havel<\/em><\/p>","protected":false},"excerpt":{"rendered":"<p>Jsme velice r\u00e1di, \u017ee v na\u0161ich \u0159ad\u00e1ch m\u016f\u017eeme p\u0159iv\u00edtat nov\u00e9ho \u010dlena v\u00fdkonn\u00e9 rady &#8211; poslance a p\u0159edsedu programov\u00e9 rady TOP 09. &#8220;Jmenuji se Mat\u011bj Havel a narodil jsem se v Hradci Kr\u00e1lov\u00e9, kde jsem tak\u00e9 vyr\u016fstal. M\u016fj \u017eivot se b\u011b\u017en\u011b to\u010d\u00ed kolem vzd\u011bl\u00e1v\u00e1n\u00ed, politiky, historie, hudby a skautingu. V letech 2018 a\u017e 2023 jsem \u0159\u00eddil [&hellip;]<\/p>","protected":false},"author":8,"featured_media":21070,"comment_status":"closed","ping_status":"","sticky":false,"template":"","format":"standard","meta":{"footnotes":""},"categories":[5],"tags":[149,150],"class_list":["post-21069","post","type-post","status-publish","format-standard","has-post-thumbnail","hentry","category-aktuality","tag-havel","tag-vykonna-rada"],"_links":{"self":[{"href":"https:\/\/new.thinktopaz.cz\/en\/wp-json\/wp\/v2\/posts\/21069","targetHints":{"allow":["GET"]}}],"collection":[{"href":"https:\/\/new.thinktopaz.cz\/en\/wp-json\/wp\/v2\/posts"}],"about":[{"href":"https:\/\/new.thinktopaz.cz\/en\/wp-json\/wp\/v2\/types\/post"}],"author":[{"embeddable":true,"href":"https:\/\/new.thinktopaz.cz\/en\/wp-json\/wp\/v2\/users\/8"}],"replies":[{"embeddable":true,"href":"https:\/\/new.thinktopaz.cz\/en\/wp-json\/wp\/v2\/comments?post=21069"}],"version-history":[{"count":1,"href":"https:\/\/new.thinktopaz.cz\/en\/wp-json\/wp\/v2\/posts\/21069\/revisions"}],"predecessor-version":[{"id":21071,"href":"https:\/\/new.thinktopaz.cz\/en\/wp-json\/wp\/v2\/posts\/21069\/revisions\/21071"}],"wp:featuredmedia":[{"embeddable":true,"href":"https:\/\/new.thinktopaz.cz\/en\/wp-json\/wp\/v2\/media\/21070"}],"wp:attachment":[{"href":"https:\/\/new.thinktopaz.cz\/en\/wp-json\/wp\/v2\/media?parent=21069"}],"wp:term":[{"taxonomy":"category","embeddable":true,"href":"https:\/\/new.thinktopaz.cz\/en\/wp-json\/wp\/v2\/categories?post=21069"},{"taxonomy":"post_tag","embeddable":true,"href":"https:\/\/new.thinktopaz.cz\/en\/wp-json\/wp\/v2\/tags?post=21069"}],"curies":[{"name":"wp","href":"https:\/\/api.w.org\/{rel}","templated":true}]}}