{"id":21304,"date":"2025-01-31T09:00:00","date_gmt":"2025-01-31T08:00:00","guid":{"rendered":"https:\/\/new.thinktopaz.cz\/?p=21304"},"modified":"2025-08-11T23:14:41","modified_gmt":"2025-08-11T21:14:41","slug":"vysledky-5-rocniku-studentske-souteze-karla-schwarzenberga","status":"publish","type":"post","link":"https:\/\/new.thinktopaz.cz\/en\/2025\/01\/31\/vysledky-5-rocniku-studentske-souteze-karla-schwarzenberga\/","title":{"rendered":"Results of the 5th Karel Schwarzenberg Student Competition"},"content":{"rendered":"<p class=\"has-text-align-center has-medium-font-size\"><strong>Karel Schwarzenberg Award<\/strong><\/p>\n\n\n\n<p class=\"has-text-align-center has-medium-font-size\"><strong>V\u00fdsledky 5. ro\u010dn\u00edku sout\u011b\u017ee studentsk\u00fdch prac\u00ed<\/strong><\/p>\n\n\n\n<p class=\"has-text-align-center\">Akademick\u00e1 rada politick\u00e9ho institutu TOPAZ vybrala z p\u0159ihl\u00e1\u0161en\u00fdch prac\u00ed t\u0159i v\u00fdherce<\/p>\n\n\n\n<p class=\"has-text-align-center has-medium-font-size\"><strong>1. m\u00edsto<\/strong><\/p>\n\n\n\n<p class=\"has-text-align-center has-medium-font-size\">Michal Sal\u00edni<\/p>\n\n\n\n<p class=\"has-text-align-center has-medium-font-size\"><em>Shaping IR Discourse: The Case of Telegram in Slovakia in the Light of Russia-Ukraine War<\/em><\/p>\n\n\n\n<p class=\"has-text-align-center has-medium-font-size\"><strong>2. m\u00edsto<\/strong><\/p>\n\n\n\n<p class=\"has-text-align-center has-medium-font-size\">\u0160imon Svoboda<\/p>\n\n\n\n<p class=\"has-text-align-center has-medium-font-size\"><em>Riziko diskriminace p\u0159i vyu\u017e\u00edv\u00e1n\u00ed AI technologi\u00ed<\/em><\/p>\n\n\n\n<p class=\"has-text-align-center has-medium-font-size\"><strong>3rd place\nNela Ham\u00e1\u010dkov\u00e1: Plodnost a slad\u011bn\u00ed rodinn\u00e9ho \u017eivota s prac\u00ed<\/strong><\/p>\n\n\n\n<p class=\"has-text-align-center has-medium-font-size\">Martin R\u016f\u017ei\u010dka<\/p>\n\n\n\n<p class=\"has-text-align-center has-medium-font-size\"><em>Rva\u010dka o Arktidu: anal\u00fdza p\u016fsoben\u00ed kl\u00ed\u010dov\u00fdch akt\u00e9r\u016f a jejich z\u00e1jm\u016f<\/em><\/p>\n\n\n\n<p><\/p>\n\n\n\n<p><\/p>\n\n\n\n<p><\/p>\n\n\n\n<p class=\"has-text-align-center has-medium-font-size\"><strong>Akademick\u00e1 rada ud\u011blila i dv\u011b \u010destn\u00e1 uzn\u00e1n\u00ed pro tyto pr\u00e1ce:<\/strong><\/p>\n\n\n\n<div class=\"wp-block-group\"><div class=\"wp-block-group__inner-container is-layout-constrained wp-block-group-is-layout-constrained\">\n<div class=\"wp-block-group\"><div class=\"wp-block-group__inner-container is-layout-constrained wp-block-group-is-layout-constrained\">\n<p class=\"has-text-align-center has-medium-font-size\">Aneta Kop\u010danov\u00e1<\/p>\n\n\n\n<p class=\"has-text-align-center has-medium-font-size\"><em>Anal\u00fdza komunikace \u010desk\u00e9ho p\u0159edsednictv\u00ed v Rad\u011b Evropsk\u00e9 unie v roce 2022<br><\/em><\/p>\n\n\n\n<p class=\"has-text-align-center has-medium-font-size\">Kate\u0159ina Dole\u017ealov\u00e1<\/p>\n\n\n\n<p class=\"has-text-align-center has-medium-font-size\"><em>\u00daloha d\u011btsk\u00e9 sestry v prost\u0159ed\u00ed z\u00e1kladn\u00ed \u0161koly<\/em><\/p>\n<\/div><\/div>\n<\/div><\/div>\n\n\n\n<p class=\"has-text-align-center has-medium-font-size\"><strong>Thank you to all participants for taking part, and congratulations to the winners.&nbsp;<\/strong><\/p>\n\n\n\n<p><\/p>","protected":false},"excerpt":{"rendered":"<p>Cena Karla Schwarzenberga V\u00fdsledky 5. ro\u010dn\u00edku sout\u011b\u017ee studentsk\u00fdch prac\u00ed Akademick\u00e1 rada politick\u00e9ho institutu TOPAZ vybrala z p\u0159ihl\u00e1\u0161en\u00fdch prac\u00ed t\u0159i v\u00fdherce 1. m\u00edsto Michal Sal\u00edni Shaping IR Discourse: The Case of Telegram in Slovakia in the Light of Russia-Ukraine War 2. m\u00edsto \u0160imon Svoboda Riziko diskriminace p\u0159i vyu\u017e\u00edv\u00e1n\u00ed AI technologi\u00ed 3. m\u00edsto Martin R\u016f\u017ei\u010dka Rva\u010dka o [&hellip;]<\/p>","protected":false},"author":9,"featured_media":20657,"comment_status":"closed","ping_status":"","sticky":false,"template":"","format":"standard","meta":{"footnotes":""},"categories":[5,162],"tags":[],"class_list":["post-21304","post","type-post","status-publish","format-standard","has-post-thumbnail","hentry","category-aktuality","category-cena-karla-schwarzenberga"],"_links":{"self":[{"href":"https:\/\/new.thinktopaz.cz\/en\/wp-json\/wp\/v2\/posts\/21304","targetHints":{"allow":["GET"]}}],"collection":[{"href":"https:\/\/new.thinktopaz.cz\/en\/wp-json\/wp\/v2\/posts"}],"about":[{"href":"https:\/\/new.thinktopaz.cz\/en\/wp-json\/wp\/v2\/types\/post"}],"author":[{"embeddable":true,"href":"https:\/\/new.thinktopaz.cz\/en\/wp-json\/wp\/v2\/users\/9"}],"replies":[{"embeddable":true,"href":"https:\/\/new.thinktopaz.cz\/en\/wp-json\/wp\/v2\/comments?post=21304"}],"version-history":[{"count":6,"href":"https:\/\/new.thinktopaz.cz\/en\/wp-json\/wp\/v2\/posts\/21304\/revisions"}],"predecessor-version":[{"id":21791,"href":"https:\/\/new.thinktopaz.cz\/en\/wp-json\/wp\/v2\/posts\/21304\/revisions\/21791"}],"wp:featuredmedia":[{"embeddable":true,"href":"https:\/\/new.thinktopaz.cz\/en\/wp-json\/wp\/v2\/media\/20657"}],"wp:attachment":[{"href":"https:\/\/new.thinktopaz.cz\/en\/wp-json\/wp\/v2\/media?parent=21304"}],"wp:term":[{"taxonomy":"category","embeddable":true,"href":"https:\/\/new.thinktopaz.cz\/en\/wp-json\/wp\/v2\/categories?post=21304"},{"taxonomy":"post_tag","embeddable":true,"href":"https:\/\/new.thinktopaz.cz\/en\/wp-json\/wp\/v2\/tags?post=21304"}],"curies":[{"name":"wp","href":"https:\/\/api.w.org\/{rel}","templated":true}]}}