{"id":21422,"date":"2025-01-30T16:25:03","date_gmt":"2025-01-30T15:25:03","guid":{"rendered":"https:\/\/new.thinktopaz.cz\/?p=21422"},"modified":"2025-01-30T18:13:59","modified_gmt":"2025-01-30T17:13:59","slug":"peter-hefele-nemecko-pred-volbami-vztahy-se-sousedy-ustupuji-v-kampani-do-pozadi","status":"publish","type":"post","link":"https:\/\/new.thinktopaz.cz\/en\/2025\/01\/30\/peter-hefele-nemecko-pred-volbami-vztahy-se-sousedy-ustupuji-v-kampani-do-pozadi\/","title":{"rendered":"Peter Hefele: N\u011bmecko p\u0159ed volbami: Vztahy se sousedy ustupuj\u00ed v kampani do pozad\u00ed"},"content":{"rendered":"<p>Pouh\u00e9 \u010dty\u0159i t\u00fddny p\u0159ed celost\u00e1tn\u00edmi volbami v N\u011bmecku ukazuje podrobn\u00e1 anal\u00fdza postoj\u016f hlavn\u00edch politick\u00fdch stran, \u017ee ve zahrani\u010dn\u011bpolitick\u00e9m programu t\u00e9m\u011b\u0159 chyb\u00ed odkazy na zem\u011b st\u0159edn\u00ed a v\u00fdchodn\u00ed Evropy (SVE). Z toho lze vyvodit, \u017ee i kdy\u017e volebn\u00ed kampa\u0148 b\u011b\u017e\u00ed na pln\u00e9 obr\u00e1tky, \u017e\u00e1dn\u00e1 z politick\u00fdch stran nep\u0159edkl\u00e1d\u00e1 pro tento region inovativn\u00ed n\u00e1vrhy.<\/p>\n\n\n\n<p>V\u00fdrazn\u00e1, i kdy\u017e nedostate\u010dn\u011b komunikovan\u00e1 n\u011bmeck\u00e1 podpora Ukrajin\u011b kontrastuje s absenc\u00ed \u0161ir\u0161\u00ed region\u00e1ln\u00ed strategie. P\u0159edpoklad, \u017ee ekonomick\u00e9 vazby mohou nahradit politickou integraci, je p\u0159\u00edli\u0161 zjednodu\u0161en\u00fd a m\u016f\u017ee b\u00fdt nebezpe\u010dn\u00fd.<\/p>\n\n\n\n<p>Krize n\u011bmeck\u00e9ho automobilov\u00e9ho pr\u016fmyslu hroz\u00ed zp\u016fsobit v\u00e1\u017en\u00e9 ot\u0159esy v dodavatelsk\u00fdch \u0159et\u011bzc\u00edch st\u0159edn\u00ed a v\u00fdchodn\u00ed Evropy. Z\u00e1rove\u0148 se nab\u00edzej\u00ed nov\u00e9 p\u0159\u00edle\u017eitosti v evropsk\u00e9m obrann\u00e9m a digit\u00e1ln\u00edm sektoru, kter\u00e9 mohou o\u017eivit region\u00e1ln\u00ed spolupr\u00e1ci. P\u0159esto se tyto mo\u017enosti v p\u0159edvolebn\u00edch diskus\u00edch t\u00e9m\u011b\u0159 neobjevuj\u00ed.<\/p>\n\n\n\n<p>I p\u0159es siln\u011b protin\u011bmeck\u00e9 n\u00e1lady si kl\u00ed\u010dovou roli v r\u00e1mci n\u011bmeck\u00e9 strategie sousedstv\u00ed udr\u017euje Polsko. Sou\u010dasn\u011b se o\u010dek\u00e1v\u00e1, \u017ee nov\u00e9 impulsy p\u0159inese o\u017eiven\u00ed partnerstv\u00ed s Franci\u00ed v r\u00e1mci tzv. V\u00fdmarsk\u00e9ho troj\u00faheln\u00edku.<\/p>\n\n\n\n<p>V\u00fdznamnou hrozbu pro region\u00e1ln\u00ed stabilitu p\u0159edstavuj\u00ed politick\u00e9 strany Aliance Sahry Wagenknechtov\u00e9 \u2013 Rozum a spravedlnost (BSW) a Alternativa pro N\u011bmecko (AfD). A\u010dkoli je nepravd\u011bpodobn\u00e9, \u017ee by se tyto strany staly sou\u010d\u00e1st\u00ed povolebn\u00ed koalice, jejich vliv m\u016f\u017ee oslabit n\u011bmeckou podporu Ukrajiny a fungovat jako kan\u00e1l pro rusk\u00e9 vm\u011b\u0161ov\u00e1n\u00ed.<\/p>\n\n\n\n<p>Mo\u017en\u00e1 vl\u00e1da veden\u00e1 k\u0159es\u0165ansk\u00fdmi demokraty by mohla pos\u00edlit transatlantick\u00e9 vazby a udr\u017eet dobr\u00e9 vztahy N\u011bmecka se zem\u011bmi st\u0159edn\u00ed a v\u00fdchodn\u00ed Evropy. Nicm\u00e9n\u011b \u00fasp\u011b\u0161nou region\u00e1ln\u00ed spolupr\u00e1ci komplikuj\u00ed politick\u00e9 p\u0159ek\u00e1\u017eky jak v N\u011bmecku, tak v jeho sousedn\u00edch zem\u00edch.<\/p>\n\n\n\n<p>Sou\u010dasn\u00e9 volebn\u00ed debaty odhalily z\u00e1va\u017en\u00fd nedostatek n\u011bmeck\u00e9 zahrani\u010dn\u00ed politiky: nedok\u00e1\u017ee efektivn\u011b rozv\u00edjet kooperativn\u00ed r\u00e1mec se zem\u011bmi st\u0159edn\u00ed a v\u00fdchodn\u00ed Evropy. Jako evropsk\u00e1 ekonomick\u00e1 velmoc by N\u011bmecko m\u011blo okam\u017eit\u011b vypracovat region\u00e1ln\u00ed strategii pro SVE. Zem\u011b st\u0159edn\u00ed a v\u00fdchodn\u00ed Evropy by z\u00e1rove\u0148 m\u011bly projevit v\u011bt\u0161\u00ed iniciativu v prosazov\u00e1n\u00ed rozvoje bilater\u00e1ln\u00edch vztah\u016f.<\/p>","protected":false},"excerpt":{"rendered":"<p>Pouh\u00e9 \u010dty\u0159i t\u00fddny p\u0159ed celost\u00e1tn\u00edmi volbami v N\u011bmecku ukazuje podrobn\u00e1 anal\u00fdza postoj\u016f hlavn\u00edch politick\u00fdch stran, \u017ee ve zahrani\u010dn\u011bpolitick\u00e9m programu t\u00e9m\u011b\u0159 chyb\u00ed odkazy na zem\u011b st\u0159edn\u00ed a v\u00fdchodn\u00ed Evropy (SVE). Z toho lze vyvodit, \u017ee i kdy\u017e volebn\u00ed kampa\u0148 b\u011b\u017e\u00ed na pln\u00e9 obr\u00e1tky, \u017e\u00e1dn\u00e1 z politick\u00fdch stran nep\u0159edkl\u00e1d\u00e1 pro tento region inovativn\u00ed n\u00e1vrhy. V\u00fdrazn\u00e1, i kdy\u017e [&hellip;]<\/p>","protected":false},"author":8,"featured_media":21423,"comment_status":"closed","ping_status":"closed","sticky":false,"template":"","format":"standard","meta":{"footnotes":""},"categories":[5],"tags":[],"class_list":["post-21422","post","type-post","status-publish","format-standard","has-post-thumbnail","hentry","category-aktuality"],"_links":{"self":[{"href":"https:\/\/new.thinktopaz.cz\/en\/wp-json\/wp\/v2\/posts\/21422","targetHints":{"allow":["GET"]}}],"collection":[{"href":"https:\/\/new.thinktopaz.cz\/en\/wp-json\/wp\/v2\/posts"}],"about":[{"href":"https:\/\/new.thinktopaz.cz\/en\/wp-json\/wp\/v2\/types\/post"}],"author":[{"embeddable":true,"href":"https:\/\/new.thinktopaz.cz\/en\/wp-json\/wp\/v2\/users\/8"}],"replies":[{"embeddable":true,"href":"https:\/\/new.thinktopaz.cz\/en\/wp-json\/wp\/v2\/comments?post=21422"}],"version-history":[{"count":2,"href":"https:\/\/new.thinktopaz.cz\/en\/wp-json\/wp\/v2\/posts\/21422\/revisions"}],"predecessor-version":[{"id":21427,"href":"https:\/\/new.thinktopaz.cz\/en\/wp-json\/wp\/v2\/posts\/21422\/revisions\/21427"}],"wp:featuredmedia":[{"embeddable":true,"href":"https:\/\/new.thinktopaz.cz\/en\/wp-json\/wp\/v2\/media\/21423"}],"wp:attachment":[{"href":"https:\/\/new.thinktopaz.cz\/en\/wp-json\/wp\/v2\/media?parent=21422"}],"wp:term":[{"taxonomy":"category","embeddable":true,"href":"https:\/\/new.thinktopaz.cz\/en\/wp-json\/wp\/v2\/categories?post=21422"},{"taxonomy":"post_tag","embeddable":true,"href":"https:\/\/new.thinktopaz.cz\/en\/wp-json\/wp\/v2\/tags?post=21422"}],"curies":[{"name":"wp","href":"https:\/\/api.w.org\/{rel}","templated":true}]}}