{"id":21570,"date":"2025-02-12T01:39:03","date_gmt":"2025-02-12T00:39:03","guid":{"rendered":"https:\/\/new.thinktopaz.cz\/?p=21570"},"modified":"2025-08-06T02:09:46","modified_gmt":"2025-08-06T00:09:46","slug":"topaz-po-treti-na-mezinarodnim-kniznim-festivalu-svet-knihy-praha-2025","status":"publish","type":"post","link":"https:\/\/new.thinktopaz.cz\/en\/2025\/02\/12\/topaz-po-treti-na-mezinarodnim-kniznim-festivalu-svet-knihy-praha-2025\/","title":{"rendered":"TOPAZ po t\u0159et\u00ed na mezin\u00e1rodn\u00edm kni\u017en\u00edm festivalu Sv\u011bt knihy Praha 2025"},"content":{"rendered":"<p>Do kalend\u00e1\u0159\u016f si zapi\u0161te datum 15.\u201318. 5. 2025. TOPAZ bude ji\u017e pot\u0159et\u00ed na Sv\u011bt\u011b knihy!&nbsp;<\/p>\n\n\n\n<p>Najdete n\u00e1s u st\u00e1nku v HA107 v n\u00e1sleduj\u00edc\u00edch \u010dasech:&nbsp;<\/p>\n\n\n\n<p>\u010dtvrtek 15. 5. 9:30\u201319:00<br>p\u00e1tek 16. 5. 9:30\u201319:00<br>sobota 17. 5. 9:30\u201319:00<br>ned\u011ble 18. 5. 9:30\u201316:00&nbsp;<\/p>\n\n\n\n<p>Zastavte se za n\u00e1mi a p\u0159ij\u010fte se sezn\u00e1mit s na\u0161\u00ed nejnov\u011bj\u0161\u00ed odbornou publikac\u00ed:&nbsp;<em><strong>Jak ubr\u00e1nit demokracii v dob\u011b digitalizace<\/strong>.<\/em>&nbsp;<\/p>\n\n\n\n<p>Tato publikace se zab\u00fdv\u00e1 aktu\u00e1ln\u00edmi probl\u00e9my, kter\u00fdm \u010del\u00ed demokracie v kontextu rostouc\u00edho geopolitick\u00e9ho nap\u011bt\u00ed a digit\u00e1ln\u00ed revoluce. Nab\u00edz\u00ed komplexn\u00ed pohled na glob\u00e1ln\u00ed politick\u00e9 v\u00fdzvy, zkoum\u00e1 extern\u00ed i intern\u00ed hrozby pro demokracii, v\u010detn\u011b vlivu algoritm\u016f na soci\u00e1ln\u00edch s\u00edt\u00edch, vzestupu populismu a politick\u00e9ho extremismu mezi mlad\u00fdmi. Analyzuje, jak se autorit\u00e1\u0159sk\u00e9 re\u017eimy, zejm\u00e9na Rusko a \u010c\u00edna, sna\u017e\u00ed podkopat demokratick\u00e9 instituce a posilovat sv\u016fj vliv na mezin\u00e1rodn\u00ed sc\u00e9n\u011b, a to prost\u0159ednictv\u00edm kybernetick\u00fdch \u00fatok\u016f, dezinforma\u010dn\u00edch kampan\u00ed, politick\u00e9ho a ekonomick\u00e9ho n\u00e1tlaku, ale i skrze nov\u00e9 technologie, nap\u0159\u00edklad biotechnologie. Deset autor\u016f (Ladislav Cabada, Petr Hefele, Jack Herndon, Ahmed Mansour, Zden\u011bk Rod, Dalibor Roh\u00e1\u010d, Sebastian Sch\u00e4ffer, Malwina Talik, Lucie Tungul, Garwan Walshe) z r\u016fzn\u00fdch evropsk\u00fdch zem\u00ed nab\u00edz\u00ed \u0159e\u0161en\u00ed, jak pos\u00edlit demokracii v reakci na sou\u010dasn\u00e9 geopolitick\u00e9 a digit\u00e1ln\u00ed v\u00fdzvy. Tato publikace je spole\u010dn\u00fdm po\u010dinem think tank\u016f Wilfried Martens Centre for European Studies, TOPAZ a Campus Tivoli Rakousk\u00e9 lidov\u00e9 strany. Tato publikace byla spolufinancov\u00e1na Evropsk\u00fdm parlamentem.&nbsp;<\/p>\n\n\n\n<p>S editorkou publikace a autory Peterem Hefelem a Ladislavem Cabadou se m\u016f\u017eete osobn\u011b potkat b\u011bhem diskuse&nbsp;<strong><em>Rozd\u011bleni s\u00edt\u011bmi: Jak na extremismus v demokracii<\/em><\/strong>, kterou po\u0159\u00e1d\u00e1me 16. kv\u011btna od 10:00 do 10:50 v s\u00e1le Josefa \u0160kvoreck\u00e9ho. Spolu s Markem \u017den\u00ed\u0161kem, ministrem pro v\u011bdu a v\u00fdzkum, bude Peter Hefele, Arp\u00e1d Solt\u00e9sz a Ladislav Cabada mluvit o populismu, politick\u00e9 polarizaci, online radikalizaci a klesaj\u00edc\u00ed d\u016fv\u011b\u0159e ob\u010dan\u016f v demokratick\u00e9 instituce. Diskutuj\u00edc\u00ed se budou v\u011bnovat i dopadu zahrani\u010dn\u00edho vlivu \u2013 zejm\u00e9na rusk\u00e9ho a \u010d\u00ednsk\u00e9ho vm\u011b\u0161ov\u00e1n\u00ed, roli soci\u00e1ln\u00edch m\u00e9di\u00ed p\u0159i formov\u00e1n\u00ed politick\u00e9ho chov\u00e1n\u00ed a psychologick\u00fdm faktor\u016fm, kter\u00e9 poh\u00e1n\u011bj\u00ed extremismus, zejm\u00e9na mezi mlad\u00fdmi lidmi. Debatu moderuje editorka publikace a p\u0159edsedkyn\u011b Akademick\u00e9 rady TOPAZ, Lucie Tungul.&nbsp;<\/p>\n\n\n\n<p>O dopadech polarizace a vlivu na mlad\u00e9 lidi si budeme pov\u00eddat i v p\u00e1tek 16.5. od 14:00 v r\u00e1mci na\u0161\u00ed diskuse&nbsp;<strong><em>\u0158ekni to komiksem: Pad\u00e1 demokracie \u2013 n\u011bco si p\u0159ej!<\/em><\/strong>&nbsp;Na konkr\u00e9tn\u00edch p\u0159\u00edb\u011bz\u00edch a jejich vizu\u00e1ln\u00edm zpracov\u00e1n\u00ed na\u0161i \u0159e\u010dn\u00edci Juraj Buzalka, Martina Klicperov\u00e1, Lucia \u0160tasselov\u00e1 a Karol\u00edna Farsk\u00e1 uk\u00e1\u017eou, jak \u010delit manipulac\u00edm, hrubosti a nen\u00e1visti, posilovat kritick\u00e9 my\u0161len\u00ed a motivovat mlad\u00e9 lidi k aktivn\u00edm ob\u010dansk\u00fdm postoj\u016fm. Diskusi moderuje Pavel Havl\u00ed\u010dek, analytik AMO.&nbsp;<\/p>\n\n\n\n<p>U st\u00e1nku TOPAZ si tak\u00e9 m\u016f\u017eete zasout\u011b\u017eit o kni\u017en\u00ed ceny a vstupenky na dal\u0161\u00ed ro\u010dn\u00edk festivalu Sv\u011bt knihy. Jak na to? P\u0159ij\u010fte vyplnit n\u00e1\u0161 kv\u00edz, kter\u00fd prov\u011b\u0159\u00ed va\u0161e znalosti o \u017een\u00e1ch v politice. A pokud se o t\u00e9matu chcete dozv\u011bd\u011bt v\u00edce, nav\u0161tivte na\u0161i ned\u011bln\u00ed debatu, kter\u00e1 m\u00e1 vskutku hv\u011bzdn\u00e9 obsazen\u00ed.&nbsp;<\/p>\n\n\n\n<p>Debata&nbsp;<strong><em>Vra\u0165 se k plotn\u011b: \u017deny a hate speech v politice<\/em><\/strong>&nbsp;se zam\u011b\u0159\u00ed na to, jak nen\u00e1vistn\u00e9 projevy ovliv\u0148uj\u00ed \u017eivoty politi\u010dek \u2013 jak zasahuj\u00ed do jejich profesn\u00ed dr\u00e1hy a rozhodnut\u00ed z\u016fstat v politice. Bude se mluvit o tom, co s t\u00edm m\u016f\u017eeme d\u011blat \u2013 jak\u00e9 pr\u00e1vn\u00ed kroky a strategie mohou pomoct, a jakou roli hraj\u00ed m\u00e9dia a online platformy. Krom\u011b toho si promluv\u00edme o tom, jak hate speech zasahuje do demokracie a jak\u00e9 n\u00e1stroje a vzd\u011bl\u00e1v\u00e1n\u00ed mohou pomoci \u017eeny v politice chr\u00e1nit. T\u011b\u0161it se m\u016f\u017eete na \u00fa\u017easn\u00e9 hosty, kter\u00fdmi budou Mark\u00e9ta Pekarov\u00e1 Adamov\u00e1, p\u0159edsedkyn\u011b Poslaneck\u00e9 sn\u011bmovny Parlamentu \u010cR, Magda V\u00e1\u0161\u00e1ryov\u00e1, slovensk\u00e1 diplomatka a politi\u010dka, Frances Fitzgerald, b\u00fdval\u00e1 irsk\u00e1 ministryn\u011b a europoslankyn\u011b, \u010dlenka poradn\u00ed rady G7 pro rovnost \u017een a mu\u017e\u016f, Tanja Schorer-Dremel, poslankyn\u011b Bavorsk\u00e9ho zemsk\u00e9ho sn\u011bmu, z\u00e1stupkyn\u011b gener\u00e1ln\u00edho sekret\u00e1\u0159e K\u0159es\u0165ansko-soci\u00e1ln\u00ed strany Bavorska (CSU), a Roz\u00e1rie Ha\u0161kovcov\u00e1, greenfluencerka. Diskusi bude moderovat Zuzana Fryaufov\u00e1, autorka podcastu&nbsp;<em>Inbox<\/em>. Debata se bude konat 18. kv\u011btna 2025, 14:00\u201315:40 v s\u00e1le Franze Kafky (velk\u00fd s\u00e1l atrium).&nbsp;<\/p>\n\n\n\n<p>Nezapome\u0148te sledovat na\u0161i&nbsp;<a href=\"https:\/\/fb.me\/e\/5cXE6UN9R\">ud\u00e1lost na Facebooku<\/a>, aby V\u00e1m \u017e\u00e1dn\u00e1 novinka neunikla. T\u011b\u0161\u00edme se na Va\u0161i n\u00e1v\u0161t\u011bvu a r\u00e1di V\u00e1m p\u0159edstav\u00edme na\u0161e nejnov\u011bj\u0161\u00ed publikace.<\/p>","protected":false},"excerpt":{"rendered":"<p>Do kalend\u00e1\u0159\u016f si zapi\u0161te datum 15.\u201318. 5. 2025. TOPAZ bude ji\u017e pot\u0159et\u00ed na Sv\u011bt\u011b knihy!&nbsp; Najdete n\u00e1s u st\u00e1nku v HA107 v n\u00e1sleduj\u00edc\u00edch \u010dasech:&nbsp; \u010dtvrtek 15. 5. 9:30\u201319:00p\u00e1tek 16. 5. 9:30\u201319:00sobota 17. 5. 9:30\u201319:00ned\u011ble 18. 5. 9:30\u201316:00&nbsp; Zastavte se za n\u00e1mi a p\u0159ij\u010fte se sezn\u00e1mit s na\u0161\u00ed nejnov\u011bj\u0161\u00ed odbornou publikac\u00ed:&nbsp;Jak ubr\u00e1nit demokracii v dob\u011b digitalizace.&nbsp; [&hellip;]<\/p>","protected":false},"author":8,"featured_media":21572,"comment_status":"closed","ping_status":"closed","sticky":false,"template":"","format":"standard","meta":{"footnotes":""},"categories":[5],"tags":[167],"class_list":["post-21570","post","type-post","status-publish","format-standard","has-post-thumbnail","hentry","category-aktuality","tag-svet-knihy"],"_links":{"self":[{"href":"https:\/\/new.thinktopaz.cz\/en\/wp-json\/wp\/v2\/posts\/21570","targetHints":{"allow":["GET"]}}],"collection":[{"href":"https:\/\/new.thinktopaz.cz\/en\/wp-json\/wp\/v2\/posts"}],"about":[{"href":"https:\/\/new.thinktopaz.cz\/en\/wp-json\/wp\/v2\/types\/post"}],"author":[{"embeddable":true,"href":"https:\/\/new.thinktopaz.cz\/en\/wp-json\/wp\/v2\/users\/8"}],"replies":[{"embeddable":true,"href":"https:\/\/new.thinktopaz.cz\/en\/wp-json\/wp\/v2\/comments?post=21570"}],"version-history":[{"count":1,"href":"https:\/\/new.thinktopaz.cz\/en\/wp-json\/wp\/v2\/posts\/21570\/revisions"}],"predecessor-version":[{"id":21571,"href":"https:\/\/new.thinktopaz.cz\/en\/wp-json\/wp\/v2\/posts\/21570\/revisions\/21571"}],"wp:featuredmedia":[{"embeddable":true,"href":"https:\/\/new.thinktopaz.cz\/en\/wp-json\/wp\/v2\/media\/21572"}],"wp:attachment":[{"href":"https:\/\/new.thinktopaz.cz\/en\/wp-json\/wp\/v2\/media?parent=21570"}],"wp:term":[{"taxonomy":"category","embeddable":true,"href":"https:\/\/new.thinktopaz.cz\/en\/wp-json\/wp\/v2\/categories?post=21570"},{"taxonomy":"post_tag","embeddable":true,"href":"https:\/\/new.thinktopaz.cz\/en\/wp-json\/wp\/v2\/tags?post=21570"}],"curies":[{"name":"wp","href":"https:\/\/api.w.org\/{rel}","templated":true}]}}