{"id":21573,"date":"2025-02-18T01:44:54","date_gmt":"2025-02-18T00:44:54","guid":{"rendered":"https:\/\/new.thinktopaz.cz\/?p=21573"},"modified":"2025-08-06T02:10:50","modified_gmt":"2025-08-06T00:10:50","slug":"marek-zenisek-nebezpeci-appeasementu-aneb-kdyz-ustupujeme-zlu-jen-roste","status":"publish","type":"post","link":"https:\/\/new.thinktopaz.cz\/en\/2025\/02\/18\/marek-zenisek-nebezpeci-appeasementu-aneb-kdyz-ustupujeme-zlu-jen-roste\/","title":{"rendered":"Marek \u017den\u00ed\u0161ek: Nebezpe\u010d\u00ed appeasementu aneb kdy\u017e ustupujeme zlu, jen roste"},"content":{"rendered":"<p>,,D\u011bjiny n\u00e1m op\u011bt nastavuj\u00ed zrcadlo. Stejn\u011b jako v roce 1938, i dnes \u010del\u00edme nebezpe\u010dn\u00e9 slepot\u011b v\u016f\u010di agresorovi, kter\u00fd se nikdy nespokoj\u00ed s polovi\u010dn\u00ed ko\u0159ist\u00ed. Mnichov n\u00e1s tvrd\u011b nau\u010dil, \u017ee \u00fastupky a appeasement nejsou cestou k m\u00edru, ale pouze pozv\u00e1nkou k v\u011bt\u0161\u00ed trag\u00e9dii.<\/p>\n\n\n\n<p>Vid\u00edme stejn\u00e9 vzorce \u2013 v\u00e1h\u00e1n\u00ed, strach z konfliktu, fale\u0161nou nad\u011bji, \u017ee agresor se uspokoj\u00ed s mal\u00fdm \u00fastupkem. Ale historie n\u00e1m jasn\u011b ukazuje, \u017ee zlo roste s ka\u017ed\u00fdm krokem, kter\u00fd mu ustoup\u00edme.<\/p>\n\n\n\n<p>I kdybych m\u011bl z\u016fstat osamocen\u00fd hlas volaj\u00edc\u00ed na pou\u0161ti, nebudu ml\u010det. Proto\u017ee pravda a spravedlnost vy\u017eaduj\u00ed, abychom se postavili zlu \u010delem \u2013 ne proto, \u017ee je to snadn\u00e9 nebo popul\u00e1rn\u00ed, ale proto, \u017ee je to spr\u00e1vn\u00e9.<\/p>\n\n\n\n<p>Ukrajina dnes stoj\u00ed tam, kde st\u00e1lo \u010ceskoslovensko p\u0159ed 87 lety. Nesm\u00edme dopustit, aby se historie opakovala. Ka\u017ed\u00fd \u00fastupek agresorovi je jen p\u0159edehrou k dal\u0161\u00ed agresi. To je lekce, kterou jsme zaplatili p\u0159\u00edli\u0161 draze na to, abychom ji mohli zapomenout.\u201c<\/p>\n\n\n\n<p><em>Marek \u017den\u00ed\u0161ek, ministr pro v\u011bdu, v\u00fdzkum a inovace a \u0159editel na\u0161eho thinktanku&nbsp;<\/em><\/p>","protected":false},"excerpt":{"rendered":"<p>,,D\u011bjiny n\u00e1m op\u011bt nastavuj\u00ed zrcadlo. Stejn\u011b jako v roce 1938, i dnes \u010del\u00edme nebezpe\u010dn\u00e9 slepot\u011b v\u016f\u010di agresorovi, kter\u00fd se nikdy nespokoj\u00ed s polovi\u010dn\u00ed ko\u0159ist\u00ed. Mnichov n\u00e1s tvrd\u011b nau\u010dil, \u017ee \u00fastupky a appeasement nejsou cestou k m\u00edru, ale pouze pozv\u00e1nkou k v\u011bt\u0161\u00ed trag\u00e9dii. Vid\u00edme stejn\u00e9 vzorce \u2013 v\u00e1h\u00e1n\u00ed, strach z konfliktu, fale\u0161nou nad\u011bji, \u017ee agresor se [&hellip;]<\/p>","protected":false},"author":8,"featured_media":21574,"comment_status":"closed","ping_status":"closed","sticky":false,"template":"","format":"standard","meta":{"footnotes":""},"categories":[5],"tags":[76],"class_list":["post-21573","post","type-post","status-publish","format-standard","has-post-thumbnail","hentry","category-aktuality","tag-marek-zenisek"],"_links":{"self":[{"href":"https:\/\/new.thinktopaz.cz\/en\/wp-json\/wp\/v2\/posts\/21573","targetHints":{"allow":["GET"]}}],"collection":[{"href":"https:\/\/new.thinktopaz.cz\/en\/wp-json\/wp\/v2\/posts"}],"about":[{"href":"https:\/\/new.thinktopaz.cz\/en\/wp-json\/wp\/v2\/types\/post"}],"author":[{"embeddable":true,"href":"https:\/\/new.thinktopaz.cz\/en\/wp-json\/wp\/v2\/users\/8"}],"replies":[{"embeddable":true,"href":"https:\/\/new.thinktopaz.cz\/en\/wp-json\/wp\/v2\/comments?post=21573"}],"version-history":[{"count":1,"href":"https:\/\/new.thinktopaz.cz\/en\/wp-json\/wp\/v2\/posts\/21573\/revisions"}],"predecessor-version":[{"id":21575,"href":"https:\/\/new.thinktopaz.cz\/en\/wp-json\/wp\/v2\/posts\/21573\/revisions\/21575"}],"wp:featuredmedia":[{"embeddable":true,"href":"https:\/\/new.thinktopaz.cz\/en\/wp-json\/wp\/v2\/media\/21574"}],"wp:attachment":[{"href":"https:\/\/new.thinktopaz.cz\/en\/wp-json\/wp\/v2\/media?parent=21573"}],"wp:term":[{"taxonomy":"category","embeddable":true,"href":"https:\/\/new.thinktopaz.cz\/en\/wp-json\/wp\/v2\/categories?post=21573"},{"taxonomy":"post_tag","embeddable":true,"href":"https:\/\/new.thinktopaz.cz\/en\/wp-json\/wp\/v2\/tags?post=21573"}],"curies":[{"name":"wp","href":"https:\/\/api.w.org\/{rel}","templated":true}]}}