{"id":21595,"date":"2025-03-12T02:03:31","date_gmt":"2025-03-12T01:03:31","guid":{"rendered":"https:\/\/new.thinktopaz.cz\/?p=21595"},"modified":"2025-08-06T02:12:55","modified_gmt":"2025-08-06T00:12:55","slug":"treti-misto-v-5-rocniku-ceny-karla-schwarzenberga-vyhral-martin-ruzicka","status":"publish","type":"post","link":"https:\/\/new.thinktopaz.cz\/en\/2025\/03\/12\/treti-misto-v-5-rocniku-ceny-karla-schwarzenberga-vyhral-martin-ruzicka\/","title":{"rendered":"T\u0159et\u00ed m\u00edsto v 5. ro\u010dn\u00edku Ceny Karla Schwarzenberga vyhr\u00e1l Martin R\u016f\u017ei\u010dka"},"content":{"rendered":"<p>T\u0159et\u00ed m\u00edsto v\u00a05. ro\u010dn\u00edku Ceny Karla Schwarzenberga\u00a0vyhr\u00e1l Martin R\u016f\u017ei\u010dka, a to za diplomovou pr\u00e1ci <a href=\"https:\/\/new.thinktopaz.cz\/wp-content\/uploads\/2025\/08\/Ruzicka_merged.pdf\">,,Rva\u010dka o Arktidu: anal\u00fdza p\u016fsoben\u00ed kl\u00ed\u010dov\u00fdch akt\u00e9r\u016f a jej\u00edch z\u00e1jm\u016f.\u201d<\/a><\/p>\n\n\n\n<p>Martin poch\u00e1z\u00ed z Lokte v Karlovarsk\u00e9m kraji a moment\u00e1ln\u011b studuje magistersk\u00fd program Mezin\u00e1rodn\u00edch vztah\u016f na Z\u010cU v Plzni. Ve sv\u00e9m v\u00fdzkumu se zam\u011b\u0159uje p\u0159edev\u0161\u00edm na mocensk\u00e9 soupe\u0159en\u00ed \u010c\u00edny, USA a Ruska. Tento z\u00e1jem ho vedl k tomu, aby se ve sv\u00e9 bakal\u00e1\u0159sk\u00e9 pr\u00e1ci v\u011bnoval zkoum\u00e1n\u00ed jejich z\u00e1jm\u016f v Arktid\u011b. Domn\u00edv\u00e1 se, \u017ee jde o dosud m\u00e1lo prob\u00e1dan\u00e9 geopolitick\u00e9 ohnisko, kter\u00e9 se v d\u016fsledku t\u00e1n\u00ed led\u016f stane v n\u00e1sleduj\u00edc\u00edch dek\u00e1d\u00e1ch d\u016fle\u017eit\u011bj\u0161\u00edm ne\u017e kdy d\u0159\u00edve.<\/p>\n\n\n\n<p>Co pro Martina znamen\u00e1 3. m\u00edsto v Cen\u011b Karla Schwarzenberga?<\/p>\n\n\n\n<p><em>,,Ocen\u011bn\u00ed je pro m\u011b p\u0159\u00edjemn\u00fdm p\u0159ekvapen\u00edm, nejv\u00edce si v\u0161ak cen\u00edm toho, \u017ee si moji pr\u00e1ci lid\u00e9 budou moci p\u0159e\u010d\u00edst v podob\u011b e-booku. Nad sv\u00fdm v\u00fdzkumem jsem str\u00e1vil mnoho \u010dasu, a proto d\u011bkuji sv\u00fdm bl\u00edzk\u00fdm za podporu, stejn\u011b jako panu doktorovi Zde\u0148kovi Rodovi, kter\u00fd ve mn\u011b probudil hlubok\u00fd z\u00e1jem o akademickou \u010dinnost.\u201c<\/em><\/p>\n\n\n\n<p>P\u0159e\u010dt\u011bte si jeho pr\u00e1ci: <\/p>\n\n\n\n<div class=\"_3d-flip-book  fb3d-fullscreen-mode full-size\" data-id=\"21597\" data-mode=\"fullscreen\" data-title=\"false\" data-template=\"short-white-book-view\" data-lightbox=\"dark-shadow\" data-urlparam=\"fb3d-page\" data-page-n=\"0\" data-pdf=\"\" data-tax=\"null\" data-thumbnail=\"\" data-cols=\"3\" data-book-template=\"default\" data-trigger=\"\"><\/div><script type=\"text\/javascript\">window.FB3D_CLIENT_DATA = window.FB3D_CLIENT_DATA || [];FB3D_CLIENT_DATA.push('eyJwb3N0cyI6eyIyMTU5NyI6eyJJRCI6MjE1OTcsInRpdGxlIjoiUlx1MDE2Zlx1MDE3ZWlcdTAxMGRrYSIsInR5cGUiOiJwZGYiLCJyZWFkeV9mdW5jdGlvbiI6IiIsImJvb2tfc3R5bGUiOiJmbGF0IiwiYm9va190ZW1wbGF0ZSI6Im5vbmUiLCJvdXRsaW5lIjpbXSwiZGF0YSI6eyJwb3N0X0lEIjoiMjE1OTgiLCJndWlkIjoiaHR0cHM6XC9cL3RoaW5rdG9wYXouY3pcL3dwLWNvbnRlbnRcL3VwbG9hZHNcLzIwMjVcLzA4XC9SdXppY2thX21lcmdlZC5wZGYiLCJwZGZfcGFnZXMiOiI5MiIsInBhZ2VzX2N1c3RvbWl6YXRpb24iOiJub25lIn0sInRodW1ibmFpbCI6eyJkYXRhIjp7InBvc3RfSUQiOiIwIn0sInR5cGUiOiJhdXRvIn0sInByb3BzIjp7ImJhY2tncm91bmRDb2xvciI6ImF1dG8iLCJiYWNrZ3JvdW5kSW1hZ2UiOiJhdXRvIiwiYmFja2dyb3VuZFN0eWxlIjoiYXV0byIsImhpZ2hsaWdodExpbmtzIjoiYXV0byIsImxpZ2h0aW5nIjoiYXV0byIsInNpbmdsZVBhZ2VNb2RlIjoiYXV0byIsImNhY2hlZFBhZ2VzIjoiYXV0byIsInJlbmRlckluYWN0aXZlUGFnZXMiOiJhdXRvIiwicmVuZGVySW5hY3RpdmVQYWdlc09uTW9iaWxlIjoiYXV0byIsInJlbmRlcldoaWxlRmxpcHBpbmciOiJhdXRvIiwicHJlbG9hZFBhZ2VzIjoiYXV0byIsImF1dG9QbGF5RHVyYXRpb24iOiJhdXRvIiwicnRsIjoiYXV0byIsImludGVyYWN0aXZlQ29ybmVycyI6ImF1dG8iLCJtYXhEZXB0aCI6ImF1dG8iLCJzaGVldCI6eyJzdGFydFZlbG9jaXR5IjoiYXV0byIsIndhdmUiOiJhdXRvIiwic2hhcGUiOiJhdXRvIiwid2lkdGhUZXhlbHMiOiJhdXRvIiwiY29sb3IiOiJhdXRvIiwic2lkZSI6ImF1dG8iLCJzdHJldGNoSW1hZ2VzIjoiYXV0byIsImNvcm5lckRldmlhdGlvbiI6ImF1dG8iLCJmbGV4aWJpbGl0eSI6ImF1dG8iLCJmbGV4aWJsZUNvcm5lciI6ImF1dG8iLCJiZW5kaW5nIjoiYXV0byIsImhlaWdodFRleGVscyI6ImF1dG8ifSwiY292ZXIiOnsid2F2ZSI6ImF1dG8iLCJjb2xvciI6ImF1dG8iLCJzaWRlIjoiYXV0byIsInN0cmV0Y2hJbWFnZXMiOiJhdXRvIiwiYmluZGVyVGV4dHVyZSI6ImF1dG8iLCJkZXB0aCI6ImF1dG8iLCJwYWRkaW5nIjoiYXV0byIsInN0YXJ0VmVsb2NpdHkiOiJhdXRvIiwiZmxleGliaWxpdHkiOiJhdXRvIiwiZmxleGlibGVDb3JuZXIiOiJhdXRvIiwiYmVuZGluZyI6ImF1dG8iLCJ3aWR0aFRleGVscyI6ImF1dG8iLCJoZWlnaHRUZXhlbHMiOiJhdXRvIiwibWFzcyI6ImF1dG8iLCJzaGFwZSI6ImF1dG8ifSwicGFnZSI6eyJ3YXZlIjoiYXV0byIsImNvbG9yIjoiYXV0byIsInNpZGUiOiJhdXRvIiwic3RyZXRjaEltYWdlcyI6ImF1dG8iLCJkZXB0aCI6ImF1dG8iLCJzdGFydFZlbG9jaXR5IjoiYXV0byIsImZsZXhpYmlsaXR5IjoiYXV0byIsImZsZXhpYmxlQ29ybmVyIjoiYXV0byIsImJlbmRpbmciOiJhdXRvIiwid2lkdGhUZXhlbHMiOiJhdXRvIiwiaGVpZ2h0VGV4ZWxzIjoiYXV0byIsIm1hc3MiOiJhdXRvIiwic2hhcGUiOiJhdXRvIn0sImhlaWdodCI6ImF1dG8iLCJ3aWR0aCI6ImF1dG8iLCJncmF2aXR5IjoiYXV0byIsInBhZ2VzRm9yUHJlZGljdGluZyI6ImF1dG8ifSwiY29udHJvbFByb3BzIjp7ImFjdGlvbnMiOnsiY21kVG9jIjp7ImVuYWJsZWQiOiJhdXRvIiwiZW5hYmxlZEluTmFycm93IjoiYXV0byIsImFjdGl2ZSI6ImF1dG8iLCJkZWZhdWx0VGFiIjoiYXV0byJ9LCJjbWRBdXRvUGxheSI6eyJlbmFibGVkIjoiYXV0byIsImVuYWJsZWRJbk5hcnJvdyI6ImF1dG8iLCJhY3RpdmUiOiJhdXRvIn0sImNtZFNhdmUiOnsiZW5hYmxlZCI6ImF1dG8iLCJlbmFibGVkSW5OYXJyb3ciOiJhdXRvIn0sImNtZFByaW50Ijp7ImVuYWJsZWQiOiJhdXRvIiwiZW5hYmxlZEluTmFycm93IjoiYXV0byJ9LCJjbWRTaW5nbGVQYWdlIjp7ImVuYWJsZWQiOiJhdXRvIiwiZW5hYmxlZEluTmFycm93IjoiYXV0byIsImFjdGl2ZSI6ImF1dG8iLCJhY3RpdmVGb3JNb2JpbGUiOiJhdXRvIn0sIndpZFRvb2xiYXIiOnsiZW5hYmxlZCI6ImF1dG8iLCJlbmFibGVkSW5OYXJyb3ciOiJhdXRvIn19fSwiYXV0b1RodW1ibmFpbCI6Imh0dHBzOlwvXC9uZXcudGhpbmt0b3Bhei5jelwvd3AtY29udGVudFwvdXBsb2Fkc1wvM2QtZmxpcC1ib29rXC9hdXRvLXRodW1ibmFpbHNcLzIxNTk3LnBuZyIsInBvc3RfbmFtZSI6InJ1emlja2EiLCJwb3N0X3R5cGUiOiIzZC1mbGlwLWJvb2sifX0sInBhZ2VzIjpbXSwiZmlyc3RQYWdlcyI6W119');window.FB3D_CLIENT_LOCALE && FB3D_CLIENT_LOCALE.render && FB3D_CLIENT_LOCALE.render();<\/script>","protected":false},"excerpt":{"rendered":"<p>T\u0159et\u00ed m\u00edsto v\u00a05. ro\u010dn\u00edku Ceny Karla Schwarzenberga\u00a0vyhr\u00e1l Martin R\u016f\u017ei\u010dka, a to za diplomovou pr\u00e1ci ,,Rva\u010dka o Arktidu: anal\u00fdza p\u016fsoben\u00ed kl\u00ed\u010dov\u00fdch akt\u00e9r\u016f a jej\u00edch z\u00e1jm\u016f.\u201d Martin poch\u00e1z\u00ed z Lokte v Karlovarsk\u00e9m kraji a moment\u00e1ln\u011b studuje magistersk\u00fd program Mezin\u00e1rodn\u00edch vztah\u016f na Z\u010cU v Plzni. Ve sv\u00e9m v\u00fdzkumu se zam\u011b\u0159uje p\u0159edev\u0161\u00edm na mocensk\u00e9 soupe\u0159en\u00ed \u010c\u00edny, USA a Ruska. [&hellip;]<\/p>","protected":false},"author":8,"featured_media":21596,"comment_status":"closed","ping_status":"closed","sticky":false,"template":"","format":"standard","meta":{"footnotes":""},"categories":[5,162],"tags":[],"class_list":["post-21595","post","type-post","status-publish","format-standard","has-post-thumbnail","hentry","category-aktuality","category-cena-karla-schwarzenberga"],"_links":{"self":[{"href":"https:\/\/new.thinktopaz.cz\/en\/wp-json\/wp\/v2\/posts\/21595","targetHints":{"allow":["GET"]}}],"collection":[{"href":"https:\/\/new.thinktopaz.cz\/en\/wp-json\/wp\/v2\/posts"}],"about":[{"href":"https:\/\/new.thinktopaz.cz\/en\/wp-json\/wp\/v2\/types\/post"}],"author":[{"embeddable":true,"href":"https:\/\/new.thinktopaz.cz\/en\/wp-json\/wp\/v2\/users\/8"}],"replies":[{"embeddable":true,"href":"https:\/\/new.thinktopaz.cz\/en\/wp-json\/wp\/v2\/comments?post=21595"}],"version-history":[{"count":1,"href":"https:\/\/new.thinktopaz.cz\/en\/wp-json\/wp\/v2\/posts\/21595\/revisions"}],"predecessor-version":[{"id":21599,"href":"https:\/\/new.thinktopaz.cz\/en\/wp-json\/wp\/v2\/posts\/21595\/revisions\/21599"}],"wp:featuredmedia":[{"embeddable":true,"href":"https:\/\/new.thinktopaz.cz\/en\/wp-json\/wp\/v2\/media\/21596"}],"wp:attachment":[{"href":"https:\/\/new.thinktopaz.cz\/en\/wp-json\/wp\/v2\/media?parent=21595"}],"wp:term":[{"taxonomy":"category","embeddable":true,"href":"https:\/\/new.thinktopaz.cz\/en\/wp-json\/wp\/v2\/categories?post=21595"},{"taxonomy":"post_tag","embeddable":true,"href":"https:\/\/new.thinktopaz.cz\/en\/wp-json\/wp\/v2\/tags?post=21595"}],"curies":[{"name":"wp","href":"https:\/\/api.w.org\/{rel}","templated":true}]}}