{"id":21600,"date":"2025-03-19T02:06:43","date_gmt":"2025-03-19T01:06:43","guid":{"rendered":"https:\/\/new.thinktopaz.cz\/?p=21600"},"modified":"2025-08-06T02:12:18","modified_gmt":"2025-08-06T00:12:18","slug":"cestne-uznani-v-5-rocniku-ceny-karla-schwarzenberga-dostala-katerina-dolezalova","status":"publish","type":"post","link":"https:\/\/new.thinktopaz.cz\/en\/2025\/03\/19\/cestne-uznani-v-5-rocniku-ceny-karla-schwarzenberga-dostala-katerina-dolezalova\/","title":{"rendered":"\u010cestn\u00e9 uzn\u00e1n\u00ed v 5. ro\u010dn\u00edku Ceny Karla Schwarzenberga dostala Kate\u0159ina Dole\u017ealov\u00e1"},"content":{"rendered":"<p>\u010cestn\u00e9 uzn\u00e1n\u00ed v\u00a05. ro\u010dn\u00edku Ceny Karla Schwarzenberga\u00a0dostala Kate\u0159ina Dole\u017ealov\u00e1, a to za bakal\u00e1\u0159skou pr\u00e1ci\u00a0<a href=\"https:\/\/top-az.eu\/wp-content\/uploads\/2025\/03\/Dolezalova_merged.pdf\">,,\u00daloha d\u011btsk\u00e9 sestry <\/a><a href=\"https:\/\/new.thinktopaz.cz\/wp-content\/uploads\/2025\/08\/Dolezalova_merged.pdf\">v prost\u0159ed\u00ed z\u00e1kladn\u00ed \u0161koly\u201c<\/a>.<\/p>\n\n\n\n<p>Kate\u0159ina \u00fasp\u011b\u0161n\u011b absolvovala bakal\u00e1\u0159sk\u00fd studijn\u00ed program Pediatrick\u00e9 o\u0161et\u0159ovatelstv\u00ed na Zdravotn\u011b soci\u00e1ln\u00ed fakult\u011b JU v \u010cesk\u00fdch Bud\u011bjovic\u00edch v roce 2024. V sou\u010dasnosti pracuje jako d\u011btsk\u00e1 sestra na Jednotce intenzivn\u00ed a resuscita\u010dn\u00ed p\u00e9\u010de pro novorozence ve FN Motol a z\u00e1rove\u0148 dokon\u010duje magistersk\u00fd studijn\u00ed program U\u010ditelstv\u00ed pro 1. stupe\u0148 Z\u0160 na Pedagogick\u00e9 fakult\u011b Z\u010cU v Plzni. Ve voln\u00e9m \u010dase r\u00e1da cestuje.<\/p>\n\n\n\n<p>T\u00e9ma sv\u00e9 pr\u00e1ce si zvolila, proto\u017ee propojuje jej\u00ed dv\u011b profese v oblasti zdravotnictv\u00ed a \u0161kolstv\u00ed. Pot\u0159ebu zdravotn\u00edka na z\u00e1kladn\u00ed \u0161kole vn\u00edm\u00e1 nejen z pohledu d\u011btsk\u00e9 sestry, ale tak\u00e9 jako budouc\u00ed pedagog na 1. stupni. Pova\u017euje ji za velmi d\u016fle\u017eitou a aktu\u00e1ln\u00ed, zejm\u00e9na s ohledem na rostouc\u00ed po\u010det chronicky nemocn\u00fdch d\u011bt\u00ed. Komunitn\u00ed d\u011btsk\u00e1 sestra by na \u0161kol\u00e1ch m\u011bla kl\u00ed\u010dovou roli v oblasti prevence, neodkladn\u00e9 p\u00e9\u010de a p\u00e9\u010de o d\u011bti s chronick\u00fdm onemocn\u011bn\u00edm, proto\u017ee pedagogov\u00e9 nejsou kompetentn\u00ed k pod\u00e1v\u00e1n\u00ed l\u00e9k\u016f ani k prov\u00e1d\u011bn\u00ed zdravotnick\u00fdch \u00fakon\u016f.<\/p>\n\n\n\n<p>Co pro Kate\u0159inu znamen\u00e1 \u010destn\u00e9 uzn\u00e1n\u00ed v Cen\u011b Karla Schwarzenberga?<\/p>\n\n\n\n<p>,,K \u00fa\u010dasti v sout\u011b\u017ei Cena Karla Schwarzenberga m\u011b motivovala snaha upozornit na tuto problematiku \u0161ir\u0161\u00ed odbornou ve\u0159ejnost a podn\u00edtit diskuzi mezi lidmi, kte\u0159\u00ed mohou aktu\u00e1ln\u00ed situaci re\u00e1ln\u011b ovlivnit. \u010cestn\u00e9 uzn\u00e1n\u00ed pro m\u011b znamen\u00e1 nejen ocen\u011bn\u00ed m\u00e9 pr\u00e1ce, kter\u00e1 nez\u016fstala pouze u obhajoby p\u0159ed st\u00e1tnicovou komis\u00ed, ale p\u0159edev\u0161\u00edm p\u0159\u00edle\u017eitost dostat dan\u00e9 t\u00e9ma do pov\u011bdom\u00ed v\u00edce lid\u00ed a p\u0159isp\u011bt ke zlep\u0161en\u00ed zdravotn\u00ed p\u00e9\u010de ve \u0161koln\u00edm prost\u0159ed\u00ed.\u201c<\/p>\n\n\n\n<p>P\u0159e\u010dt\u011bte si jej\u00ed pr\u00e1ci zde:<\/p>\n\n\n\n<div class=\"_3d-flip-book  fb3d-fullscreen-mode full-size\" data-id=\"21602\" data-mode=\"fullscreen\" data-title=\"false\" data-template=\"short-white-book-view\" data-lightbox=\"dark-shadow\" data-urlparam=\"fb3d-page\" data-page-n=\"0\" data-pdf=\"\" data-tax=\"null\" data-thumbnail=\"\" data-cols=\"3\" data-book-template=\"default\" data-trigger=\"\"><\/div><script type=\"text\/javascript\">window.FB3D_CLIENT_DATA = window.FB3D_CLIENT_DATA || [];FB3D_CLIENT_DATA.push('eyJwb3N0cyI6eyIyMTYwMiI6eyJJRCI6MjE2MDIsInRpdGxlIjoiRG9sZVx1MDE3ZWFsb3ZcdTAwZTEiLCJ0eXBlIjoicGRmIiwicmVhZHlfZnVuY3Rpb24iOiIiLCJib29rX3N0eWxlIjoiZmxhdCIsImJvb2tfdGVtcGxhdGUiOiJub25lIiwib3V0bGluZSI6W10sImRhdGEiOnsicG9zdF9JRCI6IjIxNjAzIiwiZ3VpZCI6Imh0dHBzOlwvXC90aGlua3RvcGF6LmN6XC93cC1jb250ZW50XC91cGxvYWRzXC8yMDI1XC8wOFwvRG9sZXphbG92YV9tZXJnZWQucGRmIiwicGRmX3BhZ2VzIjoiODkiLCJwYWdlc19jdXN0b21pemF0aW9uIjoibm9uZSJ9LCJ0aHVtYm5haWwiOnsiZGF0YSI6eyJwb3N0X0lEIjoiMCJ9LCJ0eXBlIjoiYXV0byJ9LCJwcm9wcyI6eyJiYWNrZ3JvdW5kQ29sb3IiOiJhdXRvIiwiYmFja2dyb3VuZEltYWdlIjoiYXV0byIsImJhY2tncm91bmRTdHlsZSI6ImF1dG8iLCJoaWdobGlnaHRMaW5rcyI6ImF1dG8iLCJsaWdodGluZyI6ImF1dG8iLCJzaW5nbGVQYWdlTW9kZSI6ImF1dG8iLCJjYWNoZWRQYWdlcyI6ImF1dG8iLCJyZW5kZXJJbmFjdGl2ZVBhZ2VzIjoiYXV0byIsInJlbmRlckluYWN0aXZlUGFnZXNPbk1vYmlsZSI6ImF1dG8iLCJyZW5kZXJXaGlsZUZsaXBwaW5nIjoiYXV0byIsInByZWxvYWRQYWdlcyI6ImF1dG8iLCJhdXRvUGxheUR1cmF0aW9uIjoiYXV0byIsInJ0bCI6ImF1dG8iLCJpbnRlcmFjdGl2ZUNvcm5lcnMiOiJhdXRvIiwibWF4RGVwdGgiOiJhdXRvIiwic2hlZXQiOnsic3RhcnRWZWxvY2l0eSI6ImF1dG8iLCJ3YXZlIjoiYXV0byIsInNoYXBlIjoiYXV0byIsIndpZHRoVGV4ZWxzIjoiYXV0byIsImNvbG9yIjoiYXV0byIsInNpZGUiOiJhdXRvIiwic3RyZXRjaEltYWdlcyI6ImF1dG8iLCJjb3JuZXJEZXZpYXRpb24iOiJhdXRvIiwiZmxleGliaWxpdHkiOiJhdXRvIiwiZmxleGlibGVDb3JuZXIiOiJhdXRvIiwiYmVuZGluZyI6ImF1dG8iLCJoZWlnaHRUZXhlbHMiOiJhdXRvIn0sImNvdmVyIjp7IndhdmUiOiJhdXRvIiwiY29sb3IiOiJhdXRvIiwic2lkZSI6ImF1dG8iLCJzdHJldGNoSW1hZ2VzIjoiYXV0byIsImJpbmRlclRleHR1cmUiOiJhdXRvIiwiZGVwdGgiOiJhdXRvIiwicGFkZGluZyI6ImF1dG8iLCJzdGFydFZlbG9jaXR5IjoiYXV0byIsImZsZXhpYmlsaXR5IjoiYXV0byIsImZsZXhpYmxlQ29ybmVyIjoiYXV0byIsImJlbmRpbmciOiJhdXRvIiwid2lkdGhUZXhlbHMiOiJhdXRvIiwiaGVpZ2h0VGV4ZWxzIjoiYXV0byIsIm1hc3MiOiJhdXRvIiwic2hhcGUiOiJhdXRvIn0sInBhZ2UiOnsid2F2ZSI6ImF1dG8iLCJjb2xvciI6ImF1dG8iLCJzaWRlIjoiYXV0byIsInN0cmV0Y2hJbWFnZXMiOiJhdXRvIiwiZGVwdGgiOiJhdXRvIiwic3RhcnRWZWxvY2l0eSI6ImF1dG8iLCJmbGV4aWJpbGl0eSI6ImF1dG8iLCJmbGV4aWJsZUNvcm5lciI6ImF1dG8iLCJiZW5kaW5nIjoiYXV0byIsIndpZHRoVGV4ZWxzIjoiYXV0byIsImhlaWdodFRleGVscyI6ImF1dG8iLCJtYXNzIjoiYXV0byIsInNoYXBlIjoiYXV0byJ9LCJoZWlnaHQiOiJhdXRvIiwid2lkdGgiOiJhdXRvIiwiZ3Jhdml0eSI6ImF1dG8iLCJwYWdlc0ZvclByZWRpY3RpbmciOiJhdXRvIn0sImNvbnRyb2xQcm9wcyI6eyJhY3Rpb25zIjp7ImNtZFRvYyI6eyJlbmFibGVkIjoiYXV0byIsImVuYWJsZWRJbk5hcnJvdyI6ImF1dG8iLCJhY3RpdmUiOiJhdXRvIiwiZGVmYXVsdFRhYiI6ImF1dG8ifSwiY21kQXV0b1BsYXkiOnsiZW5hYmxlZCI6ImF1dG8iLCJlbmFibGVkSW5OYXJyb3ciOiJhdXRvIiwiYWN0aXZlIjoiYXV0byJ9LCJjbWRTYXZlIjp7ImVuYWJsZWQiOiJhdXRvIiwiZW5hYmxlZEluTmFycm93IjoiYXV0byJ9LCJjbWRQcmludCI6eyJlbmFibGVkIjoiYXV0byIsImVuYWJsZWRJbk5hcnJvdyI6ImF1dG8ifSwiY21kU2luZ2xlUGFnZSI6eyJlbmFibGVkIjoiYXV0byIsImVuYWJsZWRJbk5hcnJvdyI6ImF1dG8iLCJhY3RpdmUiOiJhdXRvIiwiYWN0aXZlRm9yTW9iaWxlIjoiYXV0byJ9LCJ3aWRUb29sYmFyIjp7ImVuYWJsZWQiOiJhdXRvIiwiZW5hYmxlZEluTmFycm93IjoiYXV0byJ9fX0sImF1dG9UaHVtYm5haWwiOiJodHRwczpcL1wvbmV3LnRoaW5rdG9wYXouY3pcL3dwLWNvbnRlbnRcL3VwbG9hZHNcLzNkLWZsaXAtYm9va1wvYXV0by10aHVtYm5haWxzXC8yMTYwMi5wbmciLCJwb3N0X25hbWUiOiJkb2xlemFsb3ZhIiwicG9zdF90eXBlIjoiM2QtZmxpcC1ib29rIn19LCJwYWdlcyI6W10sImZpcnN0UGFnZXMiOltdfQ==');window.FB3D_CLIENT_LOCALE && FB3D_CLIENT_LOCALE.render && FB3D_CLIENT_LOCALE.render();<\/script>","protected":false},"excerpt":{"rendered":"<p>\u010cestn\u00e9 uzn\u00e1n\u00ed v\u00a05. ro\u010dn\u00edku Ceny Karla Schwarzenberga\u00a0dostala Kate\u0159ina Dole\u017ealov\u00e1, a to za bakal\u00e1\u0159skou pr\u00e1ci\u00a0,,\u00daloha d\u011btsk\u00e9 sestry v prost\u0159ed\u00ed z\u00e1kladn\u00ed \u0161koly\u201c. Kate\u0159ina \u00fasp\u011b\u0161n\u011b absolvovala bakal\u00e1\u0159sk\u00fd studijn\u00ed program Pediatrick\u00e9 o\u0161et\u0159ovatelstv\u00ed na Zdravotn\u011b soci\u00e1ln\u00ed fakult\u011b JU v \u010cesk\u00fdch Bud\u011bjovic\u00edch v roce 2024. V sou\u010dasnosti pracuje jako d\u011btsk\u00e1 sestra na Jednotce intenzivn\u00ed a resuscita\u010dn\u00ed p\u00e9\u010de pro novorozence ve FN [&hellip;]<\/p>","protected":false},"author":8,"featured_media":21601,"comment_status":"closed","ping_status":"closed","sticky":false,"template":"","format":"standard","meta":{"footnotes":""},"categories":[5,162],"tags":[],"class_list":["post-21600","post","type-post","status-publish","format-standard","has-post-thumbnail","hentry","category-aktuality","category-cena-karla-schwarzenberga"],"_links":{"self":[{"href":"https:\/\/new.thinktopaz.cz\/en\/wp-json\/wp\/v2\/posts\/21600","targetHints":{"allow":["GET"]}}],"collection":[{"href":"https:\/\/new.thinktopaz.cz\/en\/wp-json\/wp\/v2\/posts"}],"about":[{"href":"https:\/\/new.thinktopaz.cz\/en\/wp-json\/wp\/v2\/types\/post"}],"author":[{"embeddable":true,"href":"https:\/\/new.thinktopaz.cz\/en\/wp-json\/wp\/v2\/users\/8"}],"replies":[{"embeddable":true,"href":"https:\/\/new.thinktopaz.cz\/en\/wp-json\/wp\/v2\/comments?post=21600"}],"version-history":[{"count":1,"href":"https:\/\/new.thinktopaz.cz\/en\/wp-json\/wp\/v2\/posts\/21600\/revisions"}],"predecessor-version":[{"id":21604,"href":"https:\/\/new.thinktopaz.cz\/en\/wp-json\/wp\/v2\/posts\/21600\/revisions\/21604"}],"wp:featuredmedia":[{"embeddable":true,"href":"https:\/\/new.thinktopaz.cz\/en\/wp-json\/wp\/v2\/media\/21601"}],"wp:attachment":[{"href":"https:\/\/new.thinktopaz.cz\/en\/wp-json\/wp\/v2\/media?parent=21600"}],"wp:term":[{"taxonomy":"category","embeddable":true,"href":"https:\/\/new.thinktopaz.cz\/en\/wp-json\/wp\/v2\/categories?post=21600"},{"taxonomy":"post_tag","embeddable":true,"href":"https:\/\/new.thinktopaz.cz\/en\/wp-json\/wp\/v2\/tags?post=21600"}],"curies":[{"name":"wp","href":"https:\/\/api.w.org\/{rel}","templated":true}]}}