{"id":21605,"date":"2025-03-20T02:15:56","date_gmt":"2025-03-20T01:15:56","guid":{"rendered":"https:\/\/new.thinktopaz.cz\/?p=21605"},"modified":"2025-08-06T02:50:04","modified_gmt":"2025-08-06T00:50:04","slug":"cestne-uznani-v-5-rocniku-ceny-karla-schwarzenberga-dostala-aneta-kopcanova","status":"publish","type":"post","link":"https:\/\/new.thinktopaz.cz\/en\/2025\/03\/20\/cestne-uznani-v-5-rocniku-ceny-karla-schwarzenberga-dostala-aneta-kopcanova\/","title":{"rendered":"\u010cestn\u00e9 uzn\u00e1n\u00ed v 5. ro\u010dn\u00edku Ceny Karla Schwarzenberga dostala Aneta Kop\u010danov\u00e1"},"content":{"rendered":"<p>\u010cestn\u00e9 uzn\u00e1n\u00ed v\u00a05. ro\u010dn\u00edku Ceny Karla Schwarzenberga\u00a0dostala Kate\u0159ina Aneta Kop\u010danov\u00e1, a to za bakal\u00e1\u0159skou pr\u00e1ci\u00a0<a href=\"https:\/\/new.thinktopaz.cz\/wp-content\/uploads\/2025\/08\/kopcanova_merged-1.pdf\">,,<em>Anal\u00fdza komunikace \u010desk\u00e9ho p\u0159edsednictv\u00ed v Rad\u011b Evropsk\u00e9 unie v roce 2022.\u201c<\/em><\/a><\/p>\n\n\n\n<p>Aneta studuje strategickou komunikaci a pr\u00e1vo na Univerzit\u011b Karlov\u011b a dlouhodob\u011b se v\u011bnuje projekt\u016fm, kter\u00e9 propojuj\u00ed akademick\u00e9 a ve\u0159ejn\u00e9 prost\u0159ed\u00ed. M\u00e1 zku\u0161enosti s veden\u00edm studentsk\u00e9ho spolku, p\u016fsoben\u00edm ve fakultn\u00edm akademick\u00e9m sen\u00e1tu i vzd\u011bl\u00e1vac\u00edmi projekty. Uv\u011bdomuje si, jak nezbytn\u00e1 je srozumiteln\u00e1 a otev\u0159en\u00e1 komunikace v ka\u017ed\u00e9 instituci. Pr\u00e1v\u011b proto chce pom\u00e1hat ve\u0159ejn\u00fdm instituc\u00edm mluvit jasn\u011b, srozumiteln\u011b a s respektem k t\u011bm, kter\u00fdm slou\u017e\u00ed.<\/p>\n\n\n\n<p>T\u00e9matem jej\u00ed pr\u00e1ce byla komunikace \u010desk\u00e9ho p\u0159edsednictv\u00ed v Rad\u011b EU, kterou si zvolila, proto\u017ee ji zaj\u00edmalo, jak nov\u00e1 m\u00e9dia prom\u011bnila zp\u016fsob institucion\u00e1ln\u00ed komunikace a zda ji posunula k v\u011bt\u0161\u00ed bezprost\u0159ednosti a interaktivit\u011b. Zkoumala, do jak\u00e9 m\u00edry m\u016f\u017ee rozvoln\u011bn\u00ed komunika\u010dn\u00edch a jazykov\u00fdch norem ovlivnit schopnost st\u00e1tu oslovit sv\u00e9 ob\u010dany a budovat si d\u016fv\u011bru.<\/p>\n\n\n\n<p>Co pro Kate\u0159inu znamen\u00e1 \u010destn\u00e9 uzn\u00e1n\u00ed v Cen\u011b Karla Schwarzenberga?<\/p>\n\n\n\n<p><em>\u201e\u010cestn\u00e9 uzn\u00e1n\u00ed poroty je pro m\u011b potvrzen\u00edm, \u017ee zkoum\u00e1n\u00ed institucion\u00e1ln\u00ed komunikace je nejen akademicky podstatn\u00e9, ale i spole\u010densky relevantn\u00ed. V dob\u011b, kdy ve\u0159ejn\u00e9 instituce \u010del\u00ed rostouc\u00edm n\u00e1rok\u016fm na transparentnost a srozumitelnost, pova\u017euji za kl\u00ed\u010dov\u00e9 porozum\u011bt tomu, jak komunikuj\u00ed se sv\u00fdmi ob\u010dany a jak mohou posilovat d\u016fv\u011bru ve ve\u0159ejn\u00fd sektor. Ocen\u011bn\u00ed m\u011b utvrdilo v tom, \u017ee efektivn\u00ed a otev\u0159en\u00e1 komunikace je nezbytnou sou\u010d\u00e1st\u00ed demokratick\u00e9ho \u0159\u00edzen\u00ed a \u017ee je d\u016fle\u017eit\u00e9 se j\u00ed v\u011bnovat nejen teoreticky, ale&nbsp;i&nbsp;prakticky.\u201c<\/em><\/p>\n\n\n\n<p>P\u0159e\u010dt\u011bte si jej\u00ed pr\u00e1ci zde:<\/p>\n\n\n\n<div class=\"_3d-flip-book  fb3d-fullscreen-mode full-size\" data-id=\"21606\" data-mode=\"fullscreen\" data-title=\"false\" data-template=\"short-white-book-view\" data-lightbox=\"dark-shadow\" data-urlparam=\"fb3d-page\" data-page-n=\"0\" data-pdf=\"\" data-tax=\"null\" data-thumbnail=\"\" data-cols=\"3\" data-book-template=\"default\" data-trigger=\"\"><\/div><script type=\"text\/javascript\">window.FB3D_CLIENT_DATA = window.FB3D_CLIENT_DATA || [];FB3D_CLIENT_DATA.push('eyJwb3N0cyI6eyIyMTYwNiI6eyJJRCI6MjE2MDYsInRpdGxlIjoiS29wXHUwMTBkYW5vdlx1MDBlMSIsInR5cGUiOiJwZGYiLCJyZWFkeV9mdW5jdGlvbiI6IiIsImJvb2tfc3R5bGUiOiJmbGF0IiwiYm9va190ZW1wbGF0ZSI6Im5vbmUiLCJvdXRsaW5lIjpbXSwiZGF0YSI6eyJwb3N0X0lEIjoiMjE2MDciLCJndWlkIjoiaHR0cHM6XC9cL3RoaW5rdG9wYXouY3pcL3dwLWNvbnRlbnRcL3VwbG9hZHNcLzIwMjVcLzA4XC9rb3BjYW5vdmFfbWVyZ2VkLTEucGRmIiwicGRmX3BhZ2VzIjoiMTA0IiwicGFnZXNfY3VzdG9taXphdGlvbiI6Im5vbmUifSwidGh1bWJuYWlsIjp7ImRhdGEiOnsicG9zdF9JRCI6IjAifSwidHlwZSI6ImF1dG8ifSwicHJvcHMiOnsiYmFja2dyb3VuZENvbG9yIjoiYXV0byIsImJhY2tncm91bmRJbWFnZSI6ImF1dG8iLCJiYWNrZ3JvdW5kU3R5bGUiOiJhdXRvIiwiaGlnaGxpZ2h0TGlua3MiOiJhdXRvIiwibGlnaHRpbmciOiJhdXRvIiwic2luZ2xlUGFnZU1vZGUiOiJhdXRvIiwiY2FjaGVkUGFnZXMiOiJhdXRvIiwicmVuZGVySW5hY3RpdmVQYWdlcyI6ImF1dG8iLCJyZW5kZXJJbmFjdGl2ZVBhZ2VzT25Nb2JpbGUiOiJhdXRvIiwicmVuZGVyV2hpbGVGbGlwcGluZyI6ImF1dG8iLCJwcmVsb2FkUGFnZXMiOiJhdXRvIiwiYXV0b1BsYXlEdXJhdGlvbiI6ImF1dG8iLCJydGwiOiJhdXRvIiwiaW50ZXJhY3RpdmVDb3JuZXJzIjoiYXV0byIsIm1heERlcHRoIjoiYXV0byIsInNoZWV0Ijp7InN0YXJ0VmVsb2NpdHkiOiJhdXRvIiwid2F2ZSI6ImF1dG8iLCJzaGFwZSI6ImF1dG8iLCJ3aWR0aFRleGVscyI6ImF1dG8iLCJjb2xvciI6ImF1dG8iLCJzaWRlIjoiYXV0byIsInN0cmV0Y2hJbWFnZXMiOiJhdXRvIiwiY29ybmVyRGV2aWF0aW9uIjoiYXV0byIsImZsZXhpYmlsaXR5IjoiYXV0byIsImZsZXhpYmxlQ29ybmVyIjoiYXV0byIsImJlbmRpbmciOiJhdXRvIiwiaGVpZ2h0VGV4ZWxzIjoiYXV0byJ9LCJjb3ZlciI6eyJ3YXZlIjoiYXV0byIsImNvbG9yIjoiYXV0byIsInNpZGUiOiJhdXRvIiwic3RyZXRjaEltYWdlcyI6ImF1dG8iLCJiaW5kZXJUZXh0dXJlIjoiYXV0byIsImRlcHRoIjoiYXV0byIsInBhZGRpbmciOiJhdXRvIiwic3RhcnRWZWxvY2l0eSI6ImF1dG8iLCJmbGV4aWJpbGl0eSI6ImF1dG8iLCJmbGV4aWJsZUNvcm5lciI6ImF1dG8iLCJiZW5kaW5nIjoiYXV0byIsIndpZHRoVGV4ZWxzIjoiYXV0byIsImhlaWdodFRleGVscyI6ImF1dG8iLCJtYXNzIjoiYXV0byIsInNoYXBlIjoiYXV0byJ9LCJwYWdlIjp7IndhdmUiOiJhdXRvIiwiY29sb3IiOiJhdXRvIiwic2lkZSI6ImF1dG8iLCJzdHJldGNoSW1hZ2VzIjoiYXV0byIsImRlcHRoIjoiYXV0byIsInN0YXJ0VmVsb2NpdHkiOiJhdXRvIiwiZmxleGliaWxpdHkiOiJhdXRvIiwiZmxleGlibGVDb3JuZXIiOiJhdXRvIiwiYmVuZGluZyI6ImF1dG8iLCJ3aWR0aFRleGVscyI6ImF1dG8iLCJoZWlnaHRUZXhlbHMiOiJhdXRvIiwibWFzcyI6ImF1dG8iLCJzaGFwZSI6ImF1dG8ifSwiaGVpZ2h0IjoiYXV0byIsIndpZHRoIjoiYXV0byIsImdyYXZpdHkiOiJhdXRvIiwicGFnZXNGb3JQcmVkaWN0aW5nIjoiYXV0byJ9LCJjb250cm9sUHJvcHMiOnsiYWN0aW9ucyI6eyJjbWRUb2MiOnsiZW5hYmxlZCI6ImF1dG8iLCJlbmFibGVkSW5OYXJyb3ciOiJhdXRvIiwiYWN0aXZlIjoiYXV0byIsImRlZmF1bHRUYWIiOiJhdXRvIn0sImNtZEF1dG9QbGF5Ijp7ImVuYWJsZWQiOiJhdXRvIiwiZW5hYmxlZEluTmFycm93IjoiYXV0byIsImFjdGl2ZSI6ImF1dG8ifSwiY21kU2F2ZSI6eyJlbmFibGVkIjoiYXV0byIsImVuYWJsZWRJbk5hcnJvdyI6ImF1dG8ifSwiY21kUHJpbnQiOnsiZW5hYmxlZCI6ImF1dG8iLCJlbmFibGVkSW5OYXJyb3ciOiJhdXRvIn0sImNtZFNpbmdsZVBhZ2UiOnsiZW5hYmxlZCI6ImF1dG8iLCJlbmFibGVkSW5OYXJyb3ciOiJhdXRvIiwiYWN0aXZlIjoiYXV0byIsImFjdGl2ZUZvck1vYmlsZSI6ImF1dG8ifSwid2lkVG9vbGJhciI6eyJlbmFibGVkIjoiYXV0byIsImVuYWJsZWRJbk5hcnJvdyI6ImF1dG8ifX19LCJhdXRvVGh1bWJuYWlsIjoiaHR0cHM6XC9cL25ldy50aGlua3RvcGF6LmN6XC93cC1jb250ZW50XC91cGxvYWRzXC8zZC1mbGlwLWJvb2tcL2F1dG8tdGh1bWJuYWlsc1wvMjE2MDYucG5nIiwicG9zdF9uYW1lIjoia29wY2Fub3ZhIiwicG9zdF90eXBlIjoiM2QtZmxpcC1ib29rIn19LCJwYWdlcyI6W10sImZpcnN0UGFnZXMiOltdfQ==');window.FB3D_CLIENT_LOCALE && FB3D_CLIENT_LOCALE.render && FB3D_CLIENT_LOCALE.render();<\/script>","protected":false},"excerpt":{"rendered":"<p>\u010cestn\u00e9 uzn\u00e1n\u00ed v\u00a05. ro\u010dn\u00edku Ceny Karla Schwarzenberga\u00a0dostala Kate\u0159ina Aneta Kop\u010danov\u00e1, a to za bakal\u00e1\u0159skou pr\u00e1ci\u00a0,,Anal\u00fdza komunikace \u010desk\u00e9ho p\u0159edsednictv\u00ed v Rad\u011b Evropsk\u00e9 unie v roce 2022.\u201c Aneta studuje strategickou komunikaci a pr\u00e1vo na Univerzit\u011b Karlov\u011b a dlouhodob\u011b se v\u011bnuje projekt\u016fm, kter\u00e9 propojuj\u00ed akademick\u00e9 a ve\u0159ejn\u00e9 prost\u0159ed\u00ed. M\u00e1 zku\u0161enosti s veden\u00edm studentsk\u00e9ho spolku, p\u016fsoben\u00edm ve fakultn\u00edm akademick\u00e9m [&hellip;]<\/p>","protected":false},"author":8,"featured_media":21608,"comment_status":"closed","ping_status":"closed","sticky":false,"template":"","format":"standard","meta":{"footnotes":""},"categories":[5,162],"tags":[],"class_list":["post-21605","post","type-post","status-publish","format-standard","has-post-thumbnail","hentry","category-aktuality","category-cena-karla-schwarzenberga"],"_links":{"self":[{"href":"https:\/\/new.thinktopaz.cz\/en\/wp-json\/wp\/v2\/posts\/21605","targetHints":{"allow":["GET"]}}],"collection":[{"href":"https:\/\/new.thinktopaz.cz\/en\/wp-json\/wp\/v2\/posts"}],"about":[{"href":"https:\/\/new.thinktopaz.cz\/en\/wp-json\/wp\/v2\/types\/post"}],"author":[{"embeddable":true,"href":"https:\/\/new.thinktopaz.cz\/en\/wp-json\/wp\/v2\/users\/8"}],"replies":[{"embeddable":true,"href":"https:\/\/new.thinktopaz.cz\/en\/wp-json\/wp\/v2\/comments?post=21605"}],"version-history":[{"count":1,"href":"https:\/\/new.thinktopaz.cz\/en\/wp-json\/wp\/v2\/posts\/21605\/revisions"}],"predecessor-version":[{"id":21609,"href":"https:\/\/new.thinktopaz.cz\/en\/wp-json\/wp\/v2\/posts\/21605\/revisions\/21609"}],"wp:featuredmedia":[{"embeddable":true,"href":"https:\/\/new.thinktopaz.cz\/en\/wp-json\/wp\/v2\/media\/21608"}],"wp:attachment":[{"href":"https:\/\/new.thinktopaz.cz\/en\/wp-json\/wp\/v2\/media?parent=21605"}],"wp:term":[{"taxonomy":"category","embeddable":true,"href":"https:\/\/new.thinktopaz.cz\/en\/wp-json\/wp\/v2\/categories?post=21605"},{"taxonomy":"post_tag","embeddable":true,"href":"https:\/\/new.thinktopaz.cz\/en\/wp-json\/wp\/v2\/tags?post=21605"}],"curies":[{"name":"wp","href":"https:\/\/api.w.org\/{rel}","templated":true}]}}