{"id":21610,"date":"2025-03-22T02:17:14","date_gmt":"2025-03-22T01:17:14","guid":{"rendered":"https:\/\/new.thinktopaz.cz\/?p=21610"},"modified":"2025-08-06T02:50:14","modified_gmt":"2025-08-06T00:50:14","slug":"ministr-marek-zenisek-ohledne-ruska-si-pripustme-i-ty-nejcernejsi-scenare-na-obranu-se-zameri-i-veda","status":"publish","type":"post","link":"https:\/\/new.thinktopaz.cz\/en\/2025\/03\/22\/ministr-marek-zenisek-ohledne-ruska-si-pripustme-i-ty-nejcernejsi-scenare-na-obranu-se-zameri-i-veda\/","title":{"rendered":"Ministr Marek \u017den\u00ed\u0161ek: Ohledn\u011b Ruska si p\u0159ipus\u0165me i ty nej\u010dern\u011bj\u0161\u00ed sc\u00e9n\u00e1\u0159e. Na obranu se zam\u011b\u0159\u00ed i v\u011bda"},"content":{"rendered":"<p>\u010cesk\u00e1 v\u011bda a obrana maj\u00ed jedno spole\u010dn\u00e9 \u2013 dlouhodob\u011b trp\u00ed podfinancov\u00e1n\u00edm. To by se podle ministra pro v\u011bdu a v\u00fdzkum Marka \u017den\u00ed\u0161ka mohlo zm\u011bnit v&nbsp;d\u016fsledku nov\u00e9 geopolitick\u00e9 reality.&nbsp;<em>\u201ePokud p\u0159em\u00fd\u0161l\u00edm o&nbsp;v\u011bt\u0161\u00ed bezpe\u010dnosti a obranyschopnosti, m\u016f\u017ee k&nbsp;tomu ruku v&nbsp;ruce p\u0159isp\u011bt v\u00fdzkum,\u201c<\/em>&nbsp;tvrd\u00ed v&nbsp;podcastu Crunch.<\/p>\n\n\n\n<p>Aby politick\u00e1 reprezentace mohla p\u0159ij\u00edt s&nbsp;konkr\u00e9tn\u00edm pl\u00e1nem, mus\u00ed si podle ministra nejprve p\u0159ipustit i ty nej\u010dern\u011bj\u0161\u00ed sc\u00e9n\u00e1\u0159e.&nbsp;<em>\u201ePo\u0159\u00e1d sly\u0161\u00edme, \u017ee by si Putin na NATO netroufl. Jen\u017ee je to bl\u00e1zen a zlo\u010dinec \u2013 kde berou tu jistotu, \u017ee si to nezkus\u00ed?\u201c<\/em>&nbsp;\u0159\u00edk\u00e1&nbsp;<strong>\u017den\u00ed\u0161ek<\/strong>.<\/p>\n\n\n\n<p><em><strong>Jak TOP&nbsp;09 ustoj\u00ed odchod Mark\u00e9ty Pekarov\u00e9 Adamov\u00e9 ze Sn\u011bmovny? Pro\u010d se koalice Spolu dosud naplno nepustila do p\u0159edvolebn\u00ed kampan\u011b? V&nbsp;\u010dem m\u00e1 Evropa mesi\u00e1\u0161sk\u00fd komplex a jak m\u016f\u017ee v\u011bt\u0161\u00ed podpora obrany prosp\u011bt v\u011bd\u011b a v\u00fdzkumu?&nbsp;<a href=\"https:\/\/cc.cz\/podcasty\/ministr-zenisek-ohledne-ruska-si-pripustme-i-ty-nejcernejsi-scenare-na-obranu-se-zameri-i-veda\/\">Pus\u0165te si cel\u00fd rozhovor s&nbsp;ministrem pro v\u011bdu, v\u00fdzkum a inovace Markem \u017den\u00ed\u0161kem.<\/a><\/strong><\/em><\/p>\n\n\n\n<p>P\u0159evzato z:&nbsp;<a href=\"https:\/\/cc.cz\/podcasty\/ministr-zenisek-ohledne-ruska-si-pripustme-i-ty-nejcernejsi-scenare-na-obranu-se-zameri-i-veda\/\" target=\"_blank\" rel=\"noreferrer noopener\">\u010cestm\u00edr Strakat\u00fd, CzechCrunch, 18. 3. 2025<\/a><\/p>","protected":false},"excerpt":{"rendered":"<p>\u010cesk\u00e1 v\u011bda a obrana maj\u00ed jedno spole\u010dn\u00e9 \u2013 dlouhodob\u011b trp\u00ed podfinancov\u00e1n\u00edm. To by se podle ministra pro v\u011bdu a v\u00fdzkum Marka \u017den\u00ed\u0161ka mohlo zm\u011bnit v&nbsp;d\u016fsledku nov\u00e9 geopolitick\u00e9 reality.&nbsp;\u201ePokud p\u0159em\u00fd\u0161l\u00edm o&nbsp;v\u011bt\u0161\u00ed bezpe\u010dnosti a obranyschopnosti, m\u016f\u017ee k&nbsp;tomu ruku v&nbsp;ruce p\u0159isp\u011bt v\u00fdzkum,\u201c&nbsp;tvrd\u00ed v&nbsp;podcastu Crunch. Aby politick\u00e1 reprezentace mohla p\u0159ij\u00edt s&nbsp;konkr\u00e9tn\u00edm pl\u00e1nem, mus\u00ed si podle ministra nejprve p\u0159ipustit i [&hellip;]<\/p>","protected":false},"author":8,"featured_media":21611,"comment_status":"closed","ping_status":"closed","sticky":false,"template":"","format":"standard","meta":{"footnotes":""},"categories":[5],"tags":[76],"class_list":["post-21610","post","type-post","status-publish","format-standard","has-post-thumbnail","hentry","category-aktuality","tag-marek-zenisek"],"_links":{"self":[{"href":"https:\/\/new.thinktopaz.cz\/en\/wp-json\/wp\/v2\/posts\/21610","targetHints":{"allow":["GET"]}}],"collection":[{"href":"https:\/\/new.thinktopaz.cz\/en\/wp-json\/wp\/v2\/posts"}],"about":[{"href":"https:\/\/new.thinktopaz.cz\/en\/wp-json\/wp\/v2\/types\/post"}],"author":[{"embeddable":true,"href":"https:\/\/new.thinktopaz.cz\/en\/wp-json\/wp\/v2\/users\/8"}],"replies":[{"embeddable":true,"href":"https:\/\/new.thinktopaz.cz\/en\/wp-json\/wp\/v2\/comments?post=21610"}],"version-history":[{"count":1,"href":"https:\/\/new.thinktopaz.cz\/en\/wp-json\/wp\/v2\/posts\/21610\/revisions"}],"predecessor-version":[{"id":21612,"href":"https:\/\/new.thinktopaz.cz\/en\/wp-json\/wp\/v2\/posts\/21610\/revisions\/21612"}],"wp:featuredmedia":[{"embeddable":true,"href":"https:\/\/new.thinktopaz.cz\/en\/wp-json\/wp\/v2\/media\/21611"}],"wp:attachment":[{"href":"https:\/\/new.thinktopaz.cz\/en\/wp-json\/wp\/v2\/media?parent=21610"}],"wp:term":[{"taxonomy":"category","embeddable":true,"href":"https:\/\/new.thinktopaz.cz\/en\/wp-json\/wp\/v2\/categories?post=21610"},{"taxonomy":"post_tag","embeddable":true,"href":"https:\/\/new.thinktopaz.cz\/en\/wp-json\/wp\/v2\/tags?post=21610"}],"curies":[{"name":"wp","href":"https:\/\/api.w.org\/{rel}","templated":true}]}}