{"id":21613,"date":"2025-03-24T02:18:28","date_gmt":"2025-03-24T01:18:28","guid":{"rendered":"https:\/\/new.thinktopaz.cz\/?p=21613"},"modified":"2025-08-06T02:50:25","modified_gmt":"2025-08-06T00:50:25","slug":"nova-era-totalitni-kontroly-konference-heleny-langsadlove-pojmenovala-silici-hrozby-cinskeho-rezimu","status":"publish","type":"post","link":"https:\/\/new.thinktopaz.cz\/en\/2025\/03\/24\/nova-era-totalitni-kontroly-konference-heleny-langsadlove-pojmenovala-silici-hrozby-cinskeho-rezimu\/","title":{"rendered":"Nov\u00e1 \u00e9ra totalitn\u00ed kontroly. Konference Heleny Lang\u0161\u00e1dlov\u00e9 pojmenovala s\u00edl\u00edc\u00ed hrozby \u010d\u00ednsk\u00e9ho re\u017eimu"},"content":{"rendered":"<p><strong><em>\u201eZat\u00edmco sv\u011bt \u0159e\u0161\u00ed celou \u0159adu probl\u00e9m\u016f, od rusk\u00e9 agrese a\u017e po krizi na Bl\u00edzk\u00e9m v\u00fdchod\u011b, v&nbsp;jejich st\u00ednu s\u00edl\u00ed \u010d\u00ednsk\u00e1 totalita. St\u00e1v\u00e1 se \u010d\u00edm d\u00e1l v\u011bt\u0161\u00edm rizikem jak bezpe\u010dnostn\u00edm, tak ekonomick\u00fdm, a je t\u0159eba na to v\u010das reagovat,\u201c<\/em><\/strong><strong>&nbsp;uvedla poslankyn\u011b TOP&nbsp;09 Helena Lang\u0161\u00e1dlov\u00e1 na konferenci&nbsp;<em>\u010cLR v&nbsp;\u201enov\u00e9 \u00e9\u0159e\u201c totalitn\u00ed kontroly<\/em>, kterou uspo\u0159\u00e1dala v&nbsp;Poslaneck\u00e9 sn\u011bmovn\u011b ve spolupr\u00e1ci s&nbsp;projektem Sinopsis.<\/strong><\/p>\n\n\n\n<p>V&nbsp;\u00favodu vystoupil \u0159editel projektu Sinopsis&nbsp;<strong>Martin H\u00e1la<\/strong>, kter\u00fd zd\u016fraznil, \u017ee&nbsp;<em>\u201e\u010c\u00edna ustoupila v&nbsp;posledn\u00edch t\u00fddnech pod vlivem p\u0159ekotn\u00e9ho v\u00fdvoje v&nbsp;USA pon\u011bkud do pozad\u00ed pozornosti \u010desk\u00e9 ve\u0159ejnosti. Dramatick\u00e9 zm\u011bny v&nbsp;americk\u00e9 zahrani\u010dn\u00ed politice maj\u00ed p\u0159itom jednoho spole\u010dn\u00e9ho jmenovatele, a to je pr\u00e1v\u011b o\u010dek\u00e1van\u00e9 budouc\u00ed m\u011b\u0159en\u00ed sil s&nbsp;\u010cLR. To bude m\u00edt z\u00e1sadn\u00ed dopad i na na\u0161i a evropskou bezpe\u010dnost a prosperitu. Proto je te\u010f vhodn\u00e1 chv\u00edle pokusit se shrnout, jak vypad\u00e1 sou\u010dasn\u00e1 \u010c\u00edna v&nbsp;\u201eNov\u00e9 \u00e9\u0159e\u201c gener\u00e1ln\u00edho tajemn\u00edka Si \u0164in-pchinga, a jak\u00e9 z&nbsp;toho plynou d\u016fsledky pro mezin\u00e1rodn\u00ed vztahy a \u010deskou i evropskou zahrani\u010dn\u00ed politiku.\u201c<\/em><\/p>\n\n\n\n<p>Sou\u010dasn\u00e1 \u010c\u00edna je zem\u00ed, kde se masov\u00e9 sledov\u00e1n\u00ed, digit\u00e1ln\u00ed cenzura a represe st\u00e1vaj\u00ed standardem. Politika pod komunistickou nadvl\u00e1dou Si \u0164in-pchinga p\u0159itom potla\u010duje nejen opozi\u010dn\u00ed n\u00e1zory, ale i cel\u00e9 etnick\u00e9 men\u0161iny a dal\u0161\u00ed spole\u010densk\u00e9 vrstvy \u2013 zasahuje proti Ujgur\u016fm, Tibe\u0165an\u016fm a k\u0159es\u0165an\u016fm.&nbsp;<em>\u201ePod vl\u00e1dou gener\u00e1ln\u00edho tajemn\u00edka \u00daV KS \u010c\u00edny Si \u0164in-pchinga v&nbsp;\u010c\u00edn\u011b nejsou dodr\u017eov\u00e1na ani u\u017e tak nedostate\u010dn\u00e1 \u00fastavn\u00ed pr\u00e1va na svobodu n\u00e1bo\u017eenstv\u00ed, pron\u00e1sledov\u00e1ni jsou i v\u011b\u0159\u00edc\u00ed ze st\u00e1tem povolen\u00fdch c\u00edrkv\u00ed,\u201c&nbsp;<\/em>uvedla&nbsp;<strong>Simona Fantov\u00e1<\/strong>&nbsp;z&nbsp;projektu Sinopsis.<\/p>\n\n\n\n<p>Peking se p\u0159itom st\u00e1v\u00e1 technologick\u00fdm hegemonem, kter\u00fd sv\u016fj model dohledu nad ob\u010dany, jeho\u017e sou\u010d\u00e1st\u00ed je i vyu\u017eit\u00ed um\u011bl\u00e9 inteligence, sofistikovan\u00fdch metod biometrick\u00e9 identifikace z&nbsp;kamer \u010di masov\u00e9ho sledov\u00e1n\u00ed dat, vyv\u00e1\u017e\u00ed do dal\u0161\u00edch st\u00e1t\u016f.<\/p>\n\n\n\n<p>O sv\u00e9 zku\u0161enosti s&nbsp;ka\u017edodenn\u00ed realitou \u010c\u00edny se pod\u011blil novin\u00e1\u0159&nbsp;<strong>Tom\u00e1\u0161 Etzler<\/strong>, kter\u00fd v&nbsp;\u010c\u00edn\u011b pob\u00fdval v&nbsp;letech 2007\u20132014 jako zpravodaj redakc\u00ed \u010cT a CNN. \u00da\u010dastn\u00edk\u016fm konference nab\u00eddl p\u0159\u00edm\u00e1 sv\u011bdectv\u00ed lid\u00ed, kte\u0159\u00ed se s&nbsp;nevol\u00ed \u010d\u00ednsk\u00e9ho re\u017eimu setkali na vlastn\u00ed k\u016f\u017ei.<\/p>\n\n\n\n<p>V z\u00e1v\u011bre\u010dn\u00e9m slovu pak&nbsp;<strong>Helena Lang\u0161\u00e1dlov\u00e1<\/strong>&nbsp;zd\u016fraznila, \u017ee&nbsp;<em>\u201e\u017eijeme v&nbsp;dob\u011b, kdy se m\u011bn\u00ed sv\u011btov\u00fd \u0159\u00e1d. Nedemokratick\u00e1 \u010c\u00edna bude jedn\u00edm z&nbsp;d\u016fle\u017eit\u00fdch akt\u00e9r\u016f. Informace o&nbsp;situaci je nezbytn\u00e9 br\u00e1t v\u00e1\u017en\u011b a uv\u011bdomit si, \u017ee \u010c\u00edna je aktivn\u00ed i v&nbsp;na\u0161em regionu. Mus\u00edme si b\u00fdt v\u011bdomi rizik, neb\u00e1t se a ud\u011blat v\u0161e, abychom \u017eili i nad\u00e1le v&nbsp;demokracii.\u201c<\/em><\/p>\n\n\n\n<p><a href=\"https:\/\/www.top09.cz\/co-delame\/tiskove-zpravy\/nova-era-totalitni-kontroly-konference-heleny-langsadlove-pojmenovala-silici-hrozby-cinskeho-rezimu-32259.html\">Tiskov\u00e9 odd\u011blen\u00ed TOP 09<\/a><\/p>","protected":false},"excerpt":{"rendered":"<p>\u201eZat\u00edmco sv\u011bt \u0159e\u0161\u00ed celou \u0159adu probl\u00e9m\u016f, od rusk\u00e9 agrese a\u017e po krizi na Bl\u00edzk\u00e9m v\u00fdchod\u011b, v&nbsp;jejich st\u00ednu s\u00edl\u00ed \u010d\u00ednsk\u00e1 totalita. St\u00e1v\u00e1 se \u010d\u00edm d\u00e1l v\u011bt\u0161\u00edm rizikem jak bezpe\u010dnostn\u00edm, tak ekonomick\u00fdm, a je t\u0159eba na to v\u010das reagovat,\u201c&nbsp;uvedla poslankyn\u011b TOP&nbsp;09 Helena Lang\u0161\u00e1dlov\u00e1 na konferenci&nbsp;\u010cLR v&nbsp;\u201enov\u00e9 \u00e9\u0159e\u201c totalitn\u00ed kontroly, kterou uspo\u0159\u00e1dala v&nbsp;Poslaneck\u00e9 sn\u011bmovn\u011b ve spolupr\u00e1ci s&nbsp;projektem Sinopsis. [&hellip;]<\/p>","protected":false},"author":8,"featured_media":21614,"comment_status":"closed","ping_status":"closed","sticky":false,"template":"","format":"standard","meta":{"footnotes":""},"categories":[5],"tags":[],"class_list":["post-21613","post","type-post","status-publish","format-standard","has-post-thumbnail","hentry","category-aktuality"],"_links":{"self":[{"href":"https:\/\/new.thinktopaz.cz\/en\/wp-json\/wp\/v2\/posts\/21613","targetHints":{"allow":["GET"]}}],"collection":[{"href":"https:\/\/new.thinktopaz.cz\/en\/wp-json\/wp\/v2\/posts"}],"about":[{"href":"https:\/\/new.thinktopaz.cz\/en\/wp-json\/wp\/v2\/types\/post"}],"author":[{"embeddable":true,"href":"https:\/\/new.thinktopaz.cz\/en\/wp-json\/wp\/v2\/users\/8"}],"replies":[{"embeddable":true,"href":"https:\/\/new.thinktopaz.cz\/en\/wp-json\/wp\/v2\/comments?post=21613"}],"version-history":[{"count":1,"href":"https:\/\/new.thinktopaz.cz\/en\/wp-json\/wp\/v2\/posts\/21613\/revisions"}],"predecessor-version":[{"id":21615,"href":"https:\/\/new.thinktopaz.cz\/en\/wp-json\/wp\/v2\/posts\/21613\/revisions\/21615"}],"wp:featuredmedia":[{"embeddable":true,"href":"https:\/\/new.thinktopaz.cz\/en\/wp-json\/wp\/v2\/media\/21614"}],"wp:attachment":[{"href":"https:\/\/new.thinktopaz.cz\/en\/wp-json\/wp\/v2\/media?parent=21613"}],"wp:term":[{"taxonomy":"category","embeddable":true,"href":"https:\/\/new.thinktopaz.cz\/en\/wp-json\/wp\/v2\/categories?post=21613"},{"taxonomy":"post_tag","embeddable":true,"href":"https:\/\/new.thinktopaz.cz\/en\/wp-json\/wp\/v2\/tags?post=21613"}],"curies":[{"name":"wp","href":"https:\/\/api.w.org\/{rel}","templated":true}]}}