{"id":21619,"date":"2025-04-09T02:24:44","date_gmt":"2025-04-09T00:24:44","guid":{"rendered":"https:\/\/new.thinktopaz.cz\/?p=21619"},"modified":"2025-08-06T02:50:47","modified_gmt":"2025-08-06T00:50:47","slug":"predali-jsme-oceneni-v-ramci-5-rocniku-ceny-karla-schwarzenberga","status":"publish","type":"post","link":"https:\/\/new.thinktopaz.cz\/en\/2025\/04\/09\/predali-jsme-oceneni-v-ramci-5-rocniku-ceny-karla-schwarzenberga\/","title":{"rendered":"P\u0159edali jsme ocen\u011bn\u00ed v r\u00e1mci 5. ro\u010dn\u00edku Ceny Karla Schwarzenberga"},"content":{"rendered":"<p>Slavnostn\u00ed p\u0159ed\u00e1n\u00ed cen v r\u00e1mci 5. ro\u010dn\u00edku studentsk\u00e9 Ceny Karla Schwarzenberga prob\u011bhlo ve \u010dtvrtek 20. b\u0159ezna 2025 v prostor\u00e1ch Poslaneck\u00e9 sn\u011bmovny. P\u0159ed\u00e1n\u00ed se krom\u011b \u0159editele TOPAZ Marka \u017den\u00ed\u0161ka a p\u0159edsedkyn\u011b Akademick\u00e9 rady TOPAZ Lucie Tungul z\u00fa\u010dastnila tak\u00e9 p\u0159edsedkyn\u011b Poslaneck\u00e9 sn\u011bmovny a p\u0159edsedkyn\u011b TOP 09 a \u010dlenka V\u00fdkonn\u00e9 rady TOPAZ Mark\u00e9ta Pekarov\u00e1 Adamov\u00e1.&nbsp;<\/p>\n\n\n\n<p>\u201eKarlu Schwarzenbergovi velmi z\u00e1le\u017eelo na tom, aby byla mlad\u00e1 generace aktivn\u00ed a zaj\u00edmala se o ve\u0159ejn\u00e9 d\u011bn\u00ed. Z v\u00fdherc\u016f sout\u011b\u017ee, kter\u00e1 nese jeho jm\u00e9no a je ur\u010dena autor\u016fm obh\u00e1jen\u00fdch kvalifika\u010dn\u00edch prac\u00ed se spole\u010densk\u00fdm p\u0159esahem, by m\u011bl velkou radost. Srde\u010dn\u011b ocen\u011bn\u00fdm gratuluji,\u201c \u0159\u00edk\u00e1 p\u0159edsedkyn\u011b Poslaneck\u00e9 sn\u011bmovny Mark\u00e9ta Pekarov\u00e1 Adamov\u00e1.&nbsp;<\/p>\n\n\n\n<p>\u201e M\u00e1me velkou radost, \u017ee se sout\u011b\u017e rok od roku t\u011b\u0161\u00ed v\u011bt\u0161\u00ed oblib\u011b. Letos se do n\u00ed p\u0159ihl\u00e1sil dosud nejvy\u0161\u0161\u00ed po\u010det z\u00e1jemc\u016f. I proto, stejn\u011b jako minul\u00fd rok, na\u0161e Akademick\u00e1 rada ud\u011blila tak\u00e9 dv\u011b \u010destn\u00e1 uzn\u00e1n\u00ed. Velmi m\u011b t\u011b\u0161\u00ed, \u017ee jeden z v\u00fdherc\u016f studoval Z\u00e1pado\u010deskou univerzitu v Plzni, kter\u00e1 je moje Alma Mater,\u201c \u0159\u00edk\u00e1 p\u0159edsedkyn\u011b V\u00fdkonn\u00e9 rady TOPAZ Eva \u0160afr\u00e1nkov\u00e1.&nbsp;<\/p>\n\n\n\n<p>\u201eTento rok jsme vyb\u00edrali z celkem 27 p\u0159ihl\u00e1\u0161en\u00fdch diplomov\u00fdch a bakal\u00e1\u0159sk\u00fdch prac\u00ed a brali jsme v \u00favahu p\u0159edev\u0161\u00edm kvalitu prac\u00ed a relevantnost jejich zam\u011b\u0159en\u00ed,\u201c \u0159\u00edk\u00e1 p\u0159edsedkyn\u011b Akademick\u00e9 rady Lucie Tungul.&nbsp;<\/p>\n\n\n\n<p>\u201eDiskuse s mlad\u00fdmi profesion\u00e1ly je pro m\u011b v\u017edy velmi obohacuj\u00edc\u00ed, a proto m\u011b moc t\u011b\u0161\u00ed, \u017ee krom\u011b samotn\u00e9ho p\u0159ed\u00e1n\u00ed cen do\u0161lo tak\u00e9 na zaj\u00edmavou diskusi nejen o ocen\u011bn\u00fdch prac\u00edch, ale i o jin\u00fdch t\u00e9matech,\u201c shrnuje ministr pro v\u011bdu, v\u00fdzkum a inovace Marek \u017den\u00ed\u0161ek.&nbsp;<\/p>\n\n\n\n<p>Cena Karla Schwarzenberga je ur\u010dena autor\u016fm obh\u00e1jen\u00fdch kvalifika\u010dn\u00edch (bakal\u00e1\u0159sk\u00fdch, magistersk\u00fdch, rigor\u00f3zn\u00edch) prac\u00ed, kter\u00e9 odr\u00e1\u017eej\u00ed sou\u010dasn\u00e1 politick\u00e1, ekonomick\u00e1 a spole\u010densk\u00e1 t\u00e9mata. TOPAZ ji ud\u011bluje od roku 2020.&nbsp;<\/p>\n\n\n\n<p>\u201eV\u00e1\u017e\u00edm si toho, \u017ee odborn\u00e1 porota vyhodnotila mou pr\u00e1ci jako kvalitn\u00ed, a v\u011b\u0159\u00edm, \u017ee m\u016f\u017ee b\u00fdt podn\u011btem pro dal\u0161\u00ed v\u00fdzkum v t\u00e9to oblasti nebo m\u016f\u017ee pomoci n\u011bkomu, kdo se o tuto oblast zaj\u00edm\u00e1,\u201c \u0159\u00edk\u00e1 v\u00edt\u011bz leto\u0161n\u00edho ro\u010dn\u00edku Michal Sal\u00edni.&nbsp;<\/p>\n\n\n\n<p>T\u0159i v\u00fdherci obdr\u017e\u00ed finan\u010dn\u00ed odm\u011bnu (1. m\u00edsto: 5 000 K\u010d, 2. m\u00edsto: 3 000 K\u010d, 3. m\u00edsto: 2 000 K\u010d) a jejich pr\u00e1ce jsou v elektronick\u00e9 podob\u011b vyd\u00e1ny politick\u00fdm institutem TOPAZ a zve\u0159ejn\u011bny na webu.<\/p>\n\n\n\n<p><strong>1. m\u00edsto<\/strong>\u00a0\u2013\u00a0Michal Sal\u00edni:\u202f<a href=\"https:\/\/new.thinktopaz.cz\/wp-content\/uploads\/2025\/08\/Salini_merged-1-1.pdf\"><em>Shaping IR Discourse: The Case of Telegram in Slovakia\u202fin the Light of Russia-Ukraine War<\/em><\/a><\/p>\n\n\n\n<p><strong>2. m\u00edsto \u2013\u00a0<\/strong>\u0160imon Svoboda:\u202f<a href=\"https:\/\/new.thinktopaz.cz\/wp-content\/uploads\/2025\/08\/Svoboda-_merged-2-1.pdf\"><em>Riziko diskriminace p\u0159i vyu\u017e\u00edv\u00e1n\u00ed AI technologi\u00ed<\/em><\/a><\/p>\n\n\n\n<p><strong>3. m\u00edsto \u2013\u00a0<\/strong>Martin R\u016f\u017ei\u010dka:\u202f<a href=\"https:\/\/new.thinktopaz.cz\/wp-content\/uploads\/2025\/08\/Ruzicka_merged.pdf\"><em>Rva\u010dka o Arktidu: anal\u00fdza p\u016fsoben\u00ed kl\u00ed\u010dov\u00fdch akt\u00e9r\u016f a jejich z\u00e1jm\u016f<\/em><\/a><\/p>\n\n\n\n<p>\u202f&nbsp;<strong>Akademick\u00e1 rada ud\u011blila i dv\u011b \u010destn\u00e1 uzn\u00e1n\u00ed pro tyto pr\u00e1ce:<\/strong>&nbsp;<\/p>\n\n\n\n<p>\u202fAneta Kop\u010danov\u00e1:\u202f<a href=\"https:\/\/new.thinktopaz.cz\/wp-content\/uploads\/2025\/08\/kopcanova_merged-1.pdf\"><em>Anal\u00fdza komunikace \u010desk\u00e9ho p\u0159edsednictv\u00ed v Rad\u011b Evropsk\u00e9 unie v roce 2022<\/em><\/a>\u00a0<\/p>\n\n\n\n<p>Kate\u0159ina Dole\u017ealov\u00e1:\u202f<a href=\"https:\/\/new.thinktopaz.cz\/wp-content\/uploads\/2025\/08\/Dolezalova_merged.pdf\"><em>\u00daloha d\u011btsk\u00e9 sestry v prost\u0159ed\u00ed z\u00e1kladn\u00ed \u0161koly<\/em><\/a>\u00a0<\/p>\n\n\n\n<p>Pod\u00edvejte se na na\u0161e&nbsp;<a href=\"https:\/\/youtube.com\/shorts\/L_PqrNVvSkw?si=h7p6QEokeKJ5E03y\">video z p\u0159ed\u00e1n\u00ed Ceny Karla Schwarzenberga.&nbsp;<\/a><\/p>\n\n\n\n<figure class=\"wp-block-gallery has-nested-images columns-default is-cropped wp-block-gallery-1 is-layout-flex wp-block-gallery-is-layout-flex\">\n<figure class=\"wp-block-image size-large\"><img fetchpriority=\"high\" decoding=\"async\" width=\"1024\" height=\"684\" data-id=\"21623\" src=\"https:\/\/new.thinktopaz.cz\/wp-content\/uploads\/2025\/08\/20250320-P_K05884-1024x684-1.jpeg\" alt=\"\" class=\"wp-image-21623\" srcset=\"https:\/\/new.thinktopaz.cz\/wp-content\/uploads\/2025\/08\/20250320-P_K05884-1024x684-1.jpeg 1024w, https:\/\/new.thinktopaz.cz\/wp-content\/uploads\/2025\/08\/20250320-P_K05884-1024x684-1-300x200.jpeg 300w, https:\/\/new.thinktopaz.cz\/wp-content\/uploads\/2025\/08\/20250320-P_K05884-1024x684-1-768x513.jpeg 768w, https:\/\/new.thinktopaz.cz\/wp-content\/uploads\/2025\/08\/20250320-P_K05884-1024x684-1-18x12.jpeg 18w, https:\/\/new.thinktopaz.cz\/wp-content\/uploads\/2025\/08\/20250320-P_K05884-1024x684-1-600x401.jpeg 600w\" sizes=\"(max-width: 1024px) 100vw, 1024px\" \/><\/figure>\n\n\n\n<figure class=\"wp-block-image size-large\"><img decoding=\"async\" width=\"1024\" height=\"684\" data-id=\"21622\" src=\"https:\/\/new.thinktopaz.cz\/wp-content\/uploads\/2025\/08\/20250320-P_K05773-1024x684-1.jpeg\" alt=\"\" class=\"wp-image-21622\" srcset=\"https:\/\/new.thinktopaz.cz\/wp-content\/uploads\/2025\/08\/20250320-P_K05773-1024x684-1.jpeg 1024w, https:\/\/new.thinktopaz.cz\/wp-content\/uploads\/2025\/08\/20250320-P_K05773-1024x684-1-300x200.jpeg 300w, https:\/\/new.thinktopaz.cz\/wp-content\/uploads\/2025\/08\/20250320-P_K05773-1024x684-1-768x513.jpeg 768w, https:\/\/new.thinktopaz.cz\/wp-content\/uploads\/2025\/08\/20250320-P_K05773-1024x684-1-18x12.jpeg 18w, https:\/\/new.thinktopaz.cz\/wp-content\/uploads\/2025\/08\/20250320-P_K05773-1024x684-1-600x401.jpeg 600w\" sizes=\"(max-width: 1024px) 100vw, 1024px\" \/><\/figure>\n\n\n\n<figure class=\"wp-block-image size-large\"><img decoding=\"async\" width=\"1024\" height=\"684\" data-id=\"21624\" src=\"https:\/\/new.thinktopaz.cz\/wp-content\/uploads\/2025\/08\/20250320-P_K05821-1024x684-1.jpeg\" alt=\"\" class=\"wp-image-21624\" srcset=\"https:\/\/new.thinktopaz.cz\/wp-content\/uploads\/2025\/08\/20250320-P_K05821-1024x684-1.jpeg 1024w, https:\/\/new.thinktopaz.cz\/wp-content\/uploads\/2025\/08\/20250320-P_K05821-1024x684-1-300x200.jpeg 300w, https:\/\/new.thinktopaz.cz\/wp-content\/uploads\/2025\/08\/20250320-P_K05821-1024x684-1-768x513.jpeg 768w, https:\/\/new.thinktopaz.cz\/wp-content\/uploads\/2025\/08\/20250320-P_K05821-1024x684-1-18x12.jpeg 18w, https:\/\/new.thinktopaz.cz\/wp-content\/uploads\/2025\/08\/20250320-P_K05821-1024x684-1-600x401.jpeg 600w\" sizes=\"(max-width: 1024px) 100vw, 1024px\" \/><\/figure>\n\n\n\n<figure class=\"wp-block-image size-large\"><img loading=\"lazy\" decoding=\"async\" width=\"1024\" height=\"684\" data-id=\"21621\" src=\"https:\/\/new.thinktopaz.cz\/wp-content\/uploads\/2025\/08\/20250320-P_K05853-1-1024x684-1.jpeg\" alt=\"\" class=\"wp-image-21621\" srcset=\"https:\/\/new.thinktopaz.cz\/wp-content\/uploads\/2025\/08\/20250320-P_K05853-1-1024x684-1.jpeg 1024w, https:\/\/new.thinktopaz.cz\/wp-content\/uploads\/2025\/08\/20250320-P_K05853-1-1024x684-1-300x200.jpeg 300w, https:\/\/new.thinktopaz.cz\/wp-content\/uploads\/2025\/08\/20250320-P_K05853-1-1024x684-1-768x513.jpeg 768w, https:\/\/new.thinktopaz.cz\/wp-content\/uploads\/2025\/08\/20250320-P_K05853-1-1024x684-1-18x12.jpeg 18w, https:\/\/new.thinktopaz.cz\/wp-content\/uploads\/2025\/08\/20250320-P_K05853-1-1024x684-1-600x401.jpeg 600w\" sizes=\"(max-width: 1024px) 100vw, 1024px\" \/><\/figure>\n<\/figure>","protected":false},"excerpt":{"rendered":"<p>Slavnostn\u00ed p\u0159ed\u00e1n\u00ed cen v r\u00e1mci 5. ro\u010dn\u00edku studentsk\u00e9 Ceny Karla Schwarzenberga prob\u011bhlo ve \u010dtvrtek 20. b\u0159ezna 2025 v prostor\u00e1ch Poslaneck\u00e9 sn\u011bmovny. P\u0159ed\u00e1n\u00ed se krom\u011b \u0159editele TOPAZ Marka \u017den\u00ed\u0161ka a p\u0159edsedkyn\u011b Akademick\u00e9 rady TOPAZ Lucie Tungul z\u00fa\u010dastnila tak\u00e9 p\u0159edsedkyn\u011b Poslaneck\u00e9 sn\u011bmovny a p\u0159edsedkyn\u011b TOP 09 a \u010dlenka V\u00fdkonn\u00e9 rady TOPAZ Mark\u00e9ta Pekarov\u00e1 Adamov\u00e1.&nbsp; \u201eKarlu Schwarzenbergovi velmi [&hellip;]<\/p>","protected":false},"author":8,"featured_media":21620,"comment_status":"closed","ping_status":"closed","sticky":false,"template":"","format":"standard","meta":{"footnotes":""},"categories":[],"tags":[],"class_list":["post-21619","post","type-post","status-publish","format-standard","has-post-thumbnail","hentry"],"_links":{"self":[{"href":"https:\/\/new.thinktopaz.cz\/en\/wp-json\/wp\/v2\/posts\/21619","targetHints":{"allow":["GET"]}}],"collection":[{"href":"https:\/\/new.thinktopaz.cz\/en\/wp-json\/wp\/v2\/posts"}],"about":[{"href":"https:\/\/new.thinktopaz.cz\/en\/wp-json\/wp\/v2\/types\/post"}],"author":[{"embeddable":true,"href":"https:\/\/new.thinktopaz.cz\/en\/wp-json\/wp\/v2\/users\/8"}],"replies":[{"embeddable":true,"href":"https:\/\/new.thinktopaz.cz\/en\/wp-json\/wp\/v2\/comments?post=21619"}],"version-history":[{"count":1,"href":"https:\/\/new.thinktopaz.cz\/en\/wp-json\/wp\/v2\/posts\/21619\/revisions"}],"predecessor-version":[{"id":21625,"href":"https:\/\/new.thinktopaz.cz\/en\/wp-json\/wp\/v2\/posts\/21619\/revisions\/21625"}],"wp:featuredmedia":[{"embeddable":true,"href":"https:\/\/new.thinktopaz.cz\/en\/wp-json\/wp\/v2\/media\/21620"}],"wp:attachment":[{"href":"https:\/\/new.thinktopaz.cz\/en\/wp-json\/wp\/v2\/media?parent=21619"}],"wp:term":[{"taxonomy":"category","embeddable":true,"href":"https:\/\/new.thinktopaz.cz\/en\/wp-json\/wp\/v2\/categories?post=21619"},{"taxonomy":"post_tag","embeddable":true,"href":"https:\/\/new.thinktopaz.cz\/en\/wp-json\/wp\/v2\/tags?post=21619"}],"curies":[{"name":"wp","href":"https:\/\/api.w.org\/{rel}","templated":true}]}}