{"id":21626,"date":"2025-04-15T02:29:13","date_gmt":"2025-04-15T00:29:13","guid":{"rendered":"https:\/\/new.thinktopaz.cz\/?p=21626"},"modified":"2025-08-06T02:51:00","modified_gmt":"2025-08-06T00:51:00","slug":"zenisek-trump-hodil-evrope-do-systemu-bombu","status":"publish","type":"post","link":"https:\/\/new.thinktopaz.cz\/en\/2025\/04\/15\/zenisek-trump-hodil-evrope-do-systemu-bombu\/","title":{"rendered":"\u017den\u00ed\u0161ek: Trump hodil Evrop\u011b do syst\u00e9mu bombu"},"content":{"rendered":"<p><strong>Donald Trump hodil Evrop\u011b do cel\u00e9ho syst\u00e9mu bombu. V&nbsp;ned\u011bln\u00ed Partii na CNN Prima NEWS to \u0159ekl ministr pro v\u011bdu Marek \u017den\u00ed\u0161ek, kdy\u017e hodnotil obchodn\u00ed politiku Spojen\u00fdch st\u00e1t\u016f.<\/strong><\/p>\n\n\n\n<p><em>\u201ePokud m\u00e1 Donald Trump promy\u0161len\u00fd pl\u00e1n, j\u00e1 ho nevid\u00edm. Sp\u00ed\u0161 vid\u00edm \u0159\u00edzen\u00fd chaos, kter\u00fd nen\u00ed ku prosp\u011bchu mezin\u00e1rodn\u00edch vztah\u016f ani sv\u011btov\u00fdch trh\u016f. Plo\u0161n\u00e1 cla nemohou p\u0159in\u00e9st n\u011bco dobr\u00e9ho. Kdo \u0159\u00edk\u00e1 opak, neh\u00e1j\u00ed z\u00e1jmy Evropy a \u010desk\u00fdch ob\u010dan\u016f,\u201c<\/em>&nbsp;\u0159ekl&nbsp;<strong>\u017den\u00ed\u0161ek<\/strong>&nbsp;ve vys\u00edl\u00e1n\u00ed CNN Prima NEWS.<\/p>\n\n\n\n<p>\u010clen TOP&nbsp;09 tak zhodnotil bou\u0159liv\u00e9 ud\u00e1losti, kter\u00e9 na sv\u011btov\u00fdch trz\u00edch vyvolala prohl\u00e1\u0161en\u00ed americk\u00e9ho prezidenta Donalda Trumpa. Evropsk\u00e1 unie ve \u010dtvrtek ozn\u00e1mila, \u017ee o&nbsp;90 dn\u00ed odlo\u017e\u00ed platnost protiopat\u0159en\u00ed proti americk\u00fdm cl\u016fm.<\/p>\n\n\n\n<p>EU tak reagovala na Trumpovo st\u0159ede\u010dn\u00ed rozhodnut\u00ed, kter\u00fdm Spojen\u00e9 st\u00e1ty s&nbsp;okam\u017eitou platnost\u00ed rovn\u011b\u017e odlo\u017eily vysok\u00e1 cla o&nbsp;90 dn\u016f, i kdy\u017e v&nbsp;platnosti z\u016fst\u00e1v\u00e1 z\u00e1kladn\u00ed desetiprocentn\u00ed clo. Ozn\u00e1men\u00fd krok se vztahuje na v\u0161echny zem\u011b s&nbsp;v\u00fdjimkou \u010c\u00edny.&nbsp;<em>\u201eEvropsk\u00e1 komise jedn\u00e1 od sam\u00e9ho po\u010d\u00e1tku. Donald Trump neud\u011blal \u017e\u00e1dn\u00fd v\u00fdkop, sp\u00ed\u0161 hodil Evrop\u011b do cel\u00e9ho syst\u00e9mu bombu. To nen\u00ed \u017e\u00e1dn\u00fd v\u00fdkop,\u201c<\/em>&nbsp;dodal&nbsp;<strong>\u017den\u00ed\u0161ek<\/strong>.<\/p>\n\n\n\n<p><em><strong>Ministr pro v\u011bdu, v\u00fdzkum a inovace byl hostem ned\u011bln\u00ed diskuze na&nbsp;<a href=\"https:\/\/cnn.iprima.cz\/spor-o-cinu-nebyl-tam-jediny-cesky-politik-rozcilil-se-havlicek-podle-zeniska-je-to-spravne-471654\" target=\"_blank\" rel=\"noreferrer noopener\">CNN Prima News<\/a>. Debata se v\u011bnovala celn\u00ed v\u00e1lce, jedn\u00e1n\u00edm o&nbsp;m\u00edru na Ukrajin\u011b a postoji \u010cesk\u00e9 republiky k&nbsp;<a href=\"https:\/\/x.com\/zenisek_m\/status\/1911681860280672657\" target=\"_blank\" rel=\"noreferrer noopener\">\u010c\u00edn\u011b<\/a>.<\/strong><\/em><\/p>\n\n\n\n<p>P\u0159evzato z:&nbsp;<a href=\"https:\/\/cnn.iprima.cz\/zenisek-trump-hodil-evrope-do-systemu-bombu-i-my-se-zlobime-priznal-havlicek-471642\" target=\"_blank\" rel=\"noreferrer noopener\">Marek Vesel\u00fd, CNN Prima News, 13. 4. 2025<\/a>&nbsp;(kr\u00e1ceno)<\/p>","protected":false},"excerpt":{"rendered":"<p>Donald Trump hodil Evrop\u011b do cel\u00e9ho syst\u00e9mu bombu. V&nbsp;ned\u011bln\u00ed Partii na CNN Prima NEWS to \u0159ekl ministr pro v\u011bdu Marek \u017den\u00ed\u0161ek, kdy\u017e hodnotil obchodn\u00ed politiku Spojen\u00fdch st\u00e1t\u016f. \u201ePokud m\u00e1 Donald Trump promy\u0161len\u00fd pl\u00e1n, j\u00e1 ho nevid\u00edm. Sp\u00ed\u0161 vid\u00edm \u0159\u00edzen\u00fd chaos, kter\u00fd nen\u00ed ku prosp\u011bchu mezin\u00e1rodn\u00edch vztah\u016f ani sv\u011btov\u00fdch trh\u016f. Plo\u0161n\u00e1 cla nemohou p\u0159in\u00e9st n\u011bco dobr\u00e9ho. [&hellip;]<\/p>","protected":false},"author":8,"featured_media":21627,"comment_status":"closed","ping_status":"closed","sticky":false,"template":"","format":"standard","meta":{"footnotes":""},"categories":[5],"tags":[76],"class_list":["post-21626","post","type-post","status-publish","format-standard","has-post-thumbnail","hentry","category-aktuality","tag-marek-zenisek"],"_links":{"self":[{"href":"https:\/\/new.thinktopaz.cz\/en\/wp-json\/wp\/v2\/posts\/21626","targetHints":{"allow":["GET"]}}],"collection":[{"href":"https:\/\/new.thinktopaz.cz\/en\/wp-json\/wp\/v2\/posts"}],"about":[{"href":"https:\/\/new.thinktopaz.cz\/en\/wp-json\/wp\/v2\/types\/post"}],"author":[{"embeddable":true,"href":"https:\/\/new.thinktopaz.cz\/en\/wp-json\/wp\/v2\/users\/8"}],"replies":[{"embeddable":true,"href":"https:\/\/new.thinktopaz.cz\/en\/wp-json\/wp\/v2\/comments?post=21626"}],"version-history":[{"count":1,"href":"https:\/\/new.thinktopaz.cz\/en\/wp-json\/wp\/v2\/posts\/21626\/revisions"}],"predecessor-version":[{"id":21628,"href":"https:\/\/new.thinktopaz.cz\/en\/wp-json\/wp\/v2\/posts\/21626\/revisions\/21628"}],"wp:featuredmedia":[{"embeddable":true,"href":"https:\/\/new.thinktopaz.cz\/en\/wp-json\/wp\/v2\/media\/21627"}],"wp:attachment":[{"href":"https:\/\/new.thinktopaz.cz\/en\/wp-json\/wp\/v2\/media?parent=21626"}],"wp:term":[{"taxonomy":"category","embeddable":true,"href":"https:\/\/new.thinktopaz.cz\/en\/wp-json\/wp\/v2\/categories?post=21626"},{"taxonomy":"post_tag","embeddable":true,"href":"https:\/\/new.thinktopaz.cz\/en\/wp-json\/wp\/v2\/tags?post=21626"}],"curies":[{"name":"wp","href":"https:\/\/api.w.org\/{rel}","templated":true}]}}