{"id":21722,"date":"2025-06-17T03:09:07","date_gmt":"2025-06-17T01:09:07","guid":{"rendered":"https:\/\/new.thinktopaz.cz\/?p=21722"},"modified":"2025-08-06T04:27:53","modified_gmt":"2025-08-06T02:27:53","slug":"profesor-karel-b-muller-novym-clenem-akademicke-rady-topaz","status":"publish","type":"post","link":"https:\/\/new.thinktopaz.cz\/en\/2025\/06\/17\/profesor-karel-b-muller-novym-clenem-akademicke-rady-topaz\/","title":{"rendered":"Profesor Karel B. M\u00fcller nov\u00fdm \u010dlenem Akademick\u00e9 rady TOPAZ"},"content":{"rendered":"<p>V\u00fdkonn\u00e1 rada think-tanku TOPAZ jmenovala v \u010dervnu 2025 nov\u00e9ho \u010dlena Akademick\u00e9 rady TOPAZ \u2013&nbsp;<strong>profesora Karla B. M\u00fcllera<\/strong>, politologa se specializac\u00ed na ob\u010danskou spole\u010dnost, evropskou integraci a demokratick\u00e9 procesy. Jeho dlouholet\u00e9 akademick\u00e9 a v\u00fdzkumn\u00e9 zku\u0161enosti obohat\u00ed \u010dinnost Akademick\u00e9 rady a pos\u00edl\u00ed odborn\u00e9 z\u00e1zem\u00ed na\u0161eho think tanku.<\/p>\n\n\n\n<p>Karel B. M\u00fcller je profesorem politologie a p\u016fsob\u00ed jako garant obor\u016f na vysok\u00e9 \u0161kole CEVRO Univerzita. V minulosti vedl Katedru politologie na V\u0160E v Praze a p\u0159edn\u00e1\u0161el mimo jin\u00e9 na University of Nottingham, University of New York in Prague a Fakult\u011b soci\u00e1ln\u00edch v\u011bd Univerzity Karlovy.<\/p>\n\n\n\n<p>V\u011bnuje se p\u0159edev\u0161\u00edm t\u00e9mat\u016fm souvisej\u00edc\u00edm s v\u00fdvojem ob\u010dansk\u00e9 spole\u010dnosti, ve\u0159ejnou sf\u00e9rou a evropskou identitou. Je autorem \u0159ady odborn\u00fdch publikac\u00ed a aktivn\u011b se zapojuje do ve\u0159ejn\u00e9 i odborn\u00e9 debaty. Za svou pr\u00e1ci z\u00edskal n\u011bkolik ocen\u011bn\u00ed a p\u016fsobil v \u0159ad\u011b dom\u00e1c\u00edch i mezin\u00e1rodn\u00edch v\u011bdeck\u00fdch a redak\u010dn\u00edch rad.<\/p>\n\n\n\n<p>Odborn\u00e9 zam\u011b\u0159en\u00ed prof. M\u00fcllera p\u0159irozen\u011b navazuje na t\u00e9mata, kter\u00e1 jsou dlouhodob\u011b v centru z\u00e1jmu think-tanku TOPAZ \u2013 kvalita demokratick\u00e9 spr\u00e1vy, role ob\u010dansk\u00e9 spole\u010dnosti a prom\u011bna evropsk\u00e9ho politick\u00e9ho prostoru. Jeho zku\u0161enosti z v\u00fdzkumn\u00fdch projekt\u016f i z fungov\u00e1n\u00ed akademick\u00fdch instituc\u00ed mohou p\u0159isp\u011bt k formulaci nov\u00fdch analytick\u00fdch v\u00fdstup\u016f a strategick\u00fdch doporu\u010den\u00ed. T\u011b\u0161\u00edme se na spolupr\u00e1ci a nov\u00e9 n\u00e1pady, kter\u00e9 do \u010dinnosti Akademick\u00e9 rady TOPAZ p\u0159inese.<\/p>","protected":false},"excerpt":{"rendered":"<p>V\u00fdkonn\u00e1 rada think-tanku TOPAZ jmenovala v \u010dervnu 2025 nov\u00e9ho \u010dlena Akademick\u00e9 rady TOPAZ \u2013&nbsp;profesora Karla B. M\u00fcllera, politologa se specializac\u00ed na ob\u010danskou spole\u010dnost, evropskou integraci a demokratick\u00e9 procesy. Jeho dlouholet\u00e9 akademick\u00e9 a v\u00fdzkumn\u00e9 zku\u0161enosti obohat\u00ed \u010dinnost Akademick\u00e9 rady a pos\u00edl\u00ed odborn\u00e9 z\u00e1zem\u00ed na\u0161eho think tanku. Karel B. M\u00fcller je profesorem politologie a p\u016fsob\u00ed jako garant [&hellip;]<\/p>","protected":false},"author":8,"featured_media":21723,"comment_status":"closed","ping_status":"closed","sticky":false,"template":"","format":"standard","meta":{"footnotes":""},"categories":[5],"tags":[],"class_list":["post-21722","post","type-post","status-publish","format-standard","has-post-thumbnail","hentry","category-aktuality"],"_links":{"self":[{"href":"https:\/\/new.thinktopaz.cz\/en\/wp-json\/wp\/v2\/posts\/21722","targetHints":{"allow":["GET"]}}],"collection":[{"href":"https:\/\/new.thinktopaz.cz\/en\/wp-json\/wp\/v2\/posts"}],"about":[{"href":"https:\/\/new.thinktopaz.cz\/en\/wp-json\/wp\/v2\/types\/post"}],"author":[{"embeddable":true,"href":"https:\/\/new.thinktopaz.cz\/en\/wp-json\/wp\/v2\/users\/8"}],"replies":[{"embeddable":true,"href":"https:\/\/new.thinktopaz.cz\/en\/wp-json\/wp\/v2\/comments?post=21722"}],"version-history":[{"count":1,"href":"https:\/\/new.thinktopaz.cz\/en\/wp-json\/wp\/v2\/posts\/21722\/revisions"}],"predecessor-version":[{"id":21724,"href":"https:\/\/new.thinktopaz.cz\/en\/wp-json\/wp\/v2\/posts\/21722\/revisions\/21724"}],"wp:featuredmedia":[{"embeddable":true,"href":"https:\/\/new.thinktopaz.cz\/en\/wp-json\/wp\/v2\/media\/21723"}],"wp:attachment":[{"href":"https:\/\/new.thinktopaz.cz\/en\/wp-json\/wp\/v2\/media?parent=21722"}],"wp:term":[{"taxonomy":"category","embeddable":true,"href":"https:\/\/new.thinktopaz.cz\/en\/wp-json\/wp\/v2\/categories?post=21722"},{"taxonomy":"post_tag","embeddable":true,"href":"https:\/\/new.thinktopaz.cz\/en\/wp-json\/wp\/v2\/tags?post=21722"}],"curies":[{"name":"wp","href":"https:\/\/api.w.org\/{rel}","templated":true}]}}