{"id":21725,"date":"2025-06-25T03:10:19","date_gmt":"2025-06-25T01:10:19","guid":{"rendered":"https:\/\/new.thinktopaz.cz\/?p=21725"},"modified":"2025-08-06T04:28:06","modified_gmt":"2025-08-06T02:28:06","slug":"webinar-slovensko-jako-pouceni-pro-ceskou-republiku","status":"publish","type":"post","link":"https:\/\/new.thinktopaz.cz\/en\/2025\/06\/25\/webinar-slovensko-jako-pouceni-pro-ceskou-republiku\/","title":{"rendered":"Webin\u00e1\u0159 \u201eSlovensko jako pou\u010den\u00ed pro \u010ceskou republiku\u201c"},"content":{"rendered":"<p>V reakci na znepokojiv\u00fd v\u00fdvoj politick\u00e9 kultury na Slovensku uspo\u0159\u00e1dal think-tank TOPAZ v \u010dervnu dal\u0161\u00ed z \u0159ady sv\u00fdch webin\u00e1\u0159\u016f, tentokr\u00e1t s n\u00e1zvem\u00a0<em>Slovensko jako pou\u010den\u00ed pro \u010ceskou republiku<\/em>.<\/p>\n\n\n\n<p>Hlavn\u00edm hostem byla \u0159editelka Centra pro informovanou spole\u010dnost&nbsp;<strong>Andrea Michalcov\u00e1<\/strong>, kter\u00e1 nab\u00eddla kritick\u00fd pohled na aktu\u00e1ln\u00ed kroky slovensk\u00e9 vl\u00e1dy.<\/p>\n\n\n\n<p>V \u00favodu se Michalcov\u00e1 v\u011bnovala obecn\u00e9mu vysv\u011btlen\u00ed pojmu hybridn\u00ed hrozby a jejich v\u00fdznamu pro bezpe\u010dnost demokratick\u00fdch st\u00e1t\u016f. Uvedla konkr\u00e9tn\u00ed p\u0159\u00edklady z \u010desk\u00e9ho prost\u0159ed\u00ed \u2013 \u010d\u00ednskou \u0161pion\u00e1\u017e na Ministerstvu zahrani\u010dn\u00edch v\u011bc\u00ed, v\u00fdbuch ve Vrb\u011btic\u00edch \u010di prorusk\u00e9 dezinforma\u010dn\u00ed kampan\u011b p\u0159ed volbami. \u201eHybridn\u00ed hrozby nejsou abstraktn\u00ed pojem. Jsou sou\u010d\u00e1st\u00ed na\u0161\u00ed ka\u017edodenn\u00ed reality,\u201c zd\u016fraznila.<\/p>\n\n\n\n<p>Webin\u00e1\u0159 byl strukturov\u00e1n do t\u0159\u00ed tematick\u00fdch okruh\u016f:<\/p>\n\n\n\n<ol class=\"wp-block-list\">\n<li><strong>Jak\u00fd je rozd\u00edl mezi p\u016fsoben\u00edm prorusk\u00fdch narativ\u016f na Slovensku a v \u010cesku?<\/strong><br>Kl\u00ed\u010dov\u00fd rozd\u00edl podle Michalcov\u00e9 spo\u010d\u00edv\u00e1 v m\u00ed\u0159e celospole\u010densk\u00e9 odolnosti. Zat\u00edmco v \u010cesku tyto narativy zasahuj\u00ed jen men\u0161\u00ed \u010d\u00e1st spole\u010dnosti, na Slovensku jsou p\u0159ij\u00edm\u00e1ny v\u00fdrazn\u011b \u0161\u00ed\u0159eji. D\u016fvodem m\u016f\u017ee b\u00fdt historick\u00fd v\u00fdvoj \u2013 Slovensko dlouho postr\u00e1dalo samostatnou st\u00e1tnost, co\u017e se dodnes prom\u00edt\u00e1 do hlub\u0161\u00ed ned\u016fv\u011bry v\u016f\u010di st\u00e1tu, m\u00e9di\u00edm i demokratick\u00fdm instituc\u00edm.<br>\u201eRusk\u00e9 dezinforma\u010dn\u00ed narativy jsou tak siln\u00e9, jak slab\u00e1 a zraniteln\u00e1 je ta spole\u010dnost,\u201c shrnula Michalcov\u00e1.<\/li>\n\n\n\n<li><strong>Co stoj\u00ed za prom\u011bnou Roberta Fica z proz\u00e1padn\u00edho pragmatika v politika, kter\u00fd podr\u00fdv\u00e1 demokratick\u00e9 principy?<\/strong><br>Zm\u011bna je podle Michalcov\u00e9 v\u00fdsledkem kombinace osobn\u00ed frustrace a mocensk\u00e9ho kalkulu. \u201eRobert Fico se chce pomst\u00edt vlastn\u011b \u00fapln\u011b v\u0161em,\u201c uvedla. D\u016fle\u017eitou roli sehr\u00e1la snaha ochr\u00e1nit sebe i sv\u00e9 okol\u00ed p\u0159ed dopady vy\u0161et\u0159ov\u00e1n\u00ed.<br>Z\u00e1sadn\u00edm momentem byla vra\u017eda novin\u00e1\u0159e J\u00e1na Kuciaka v roce 2018, po n\u00ed\u017e se z\u0159ejm\u011b zhroutil Fic\u016fv pl\u00e1n odej\u00edt z politiky jako p\u0159edseda \u00dastavn\u00edho soudu. N\u00e1vrat Roberta Fica k moci byl motivov\u00e1n nejen touhou po pomst\u011b, ale i dramatickou zm\u011bnou politick\u00e9ho paradigmatu: st\u00edh\u00e1n\u00ed politik\u016f. V\u00edt\u011bzstv\u00ed Igora Matovi\u010de p\u0159ineslo p\u0159\u00edslib, \u017ee Fico a jeho bl\u00edzc\u00ed skon\u010d\u00ed ve v\u011bzen\u00ed. Policie dostala voln\u00e9 ruce, za\u010dala zat\u00fdkat jeho spojence, a ve\u0159ejnost se poprv\u00e9 otev\u0159en\u011b dozv\u00eddala o rozsahu zneu\u017e\u00edv\u00e1n\u00ed moci. Fico pochopil, \u017ee ztr\u00e1c\u00ed ochranu syst\u00e9mu, a proto ud\u011bl\u00e1 cokoli, aby si udr\u017eel moc.<\/li>\n\n\n\n<li><strong>\u010c\u00edm jsou autorit\u00e1\u0159\u0161t\u00ed l\u00edd\u0159i jako Fico, Babi\u0161 nebo Okamura pro ve\u0159ejnost tak p\u0159ita\u017eliv\u00ed?<\/strong><br>Podle Michalcov\u00e9 stoj\u00ed za jejich popularitou p\u0159etrv\u00e1vaj\u00edc\u00ed socioekonomick\u00e9 probl\u00e9my, roz\u010darov\u00e1n\u00ed z fungov\u00e1n\u00ed demokracie a klesaj\u00edc\u00ed d\u016fv\u011bra v tradi\u010dn\u00ed instituce.<br>\u201e\u017dijeme v dob\u011b, kdy se pravda zpochyb\u0148uje, lid\u00e9 nemaj\u00ed \u010das ov\u011b\u0159ovat fakta \u2013 a pr\u00e1v\u011b to nahr\u00e1v\u00e1 hybridn\u00edmu p\u016fsoben\u00ed,\u201c uvedla.<br>V informa\u010dn\u00edm chaosu a pod tlakem algoritm\u016f soci\u00e1ln\u00edch s\u00edt\u00ed z\u00edsk\u00e1vaj\u00ed p\u0159evahu ti, kte\u0159\u00ed nab\u00edzej\u00ed jednoduch\u00e1 hesla a sliby pevn\u00e9 ruky. Popt\u00e1vka po \u201esiln\u00e9m l\u00eddrovi\u201c nen\u00ed jen d\u016fsledkem propagandy, ale i projevem hlubok\u00e9 nejistoty ohledn\u011b schopnosti demokratick\u00e9ho syst\u00e9mu ochr\u00e1nit sv\u00e9 ob\u010dany.<\/li>\n<\/ol>\n\n\n\n<p>Z\u00e1v\u011brem webin\u00e1\u0159e \u201eSlovensko jako pou\u010den\u00ed pro \u010ceskou republiku\u201c zazn\u011blo, jak k\u0159ehk\u00e1 m\u016f\u017ee b\u00fdt demokracie v prost\u0159ed\u00ed oslabuj\u00edc\u00edch instituc\u00ed, polarizovan\u00e9 spole\u010dnosti a eroduj\u00edc\u00ed d\u016fv\u011bry ob\u010dan\u016f ve spravedlnost a transparentnost vl\u00e1dnut\u00ed. Slovensk\u00e1 zku\u0161enost p\u0159itom nen\u00ed jen varov\u00e1n\u00edm \u2013 m\u016f\u017ee b\u00fdt i impulsem k diskusi o \u010desk\u00e9 odolnosti v\u016f\u010di dezinformac\u00edm, hybridn\u00edm hrozb\u00e1m a autorit\u00e1\u0159sk\u00fdm tendenc\u00edm.<\/p>\n\n\n\n<p>Na posledn\u00ed ot\u00e1zku, zda lze sou\u010dasn\u00fd v\u00fdvoj je\u0161t\u011b zvr\u00e1tit, Michalcov\u00e1 odpov\u011bd\u011bla jednozna\u010dn\u011b:<br>\u201eOdolnost demokracie nevznik\u00e1 sama od sebe. Je v\u00fdsledkem ka\u017edodenn\u00ed pr\u00e1ce, otev\u0159enosti, trp\u011blivosti a odvahy \u010delit t\u011bm, kte\u0159\u00ed ji cht\u011bj\u00ed rozlo\u017eit.\u201c<br>A\u010dkoliv je v\u00fdchoz\u00ed situace v \u010cesku p\u0159\u00edzniv\u011bj\u0161\u00ed \u2013 nap\u0159\u00edklad d\u00edky funk\u010dn\u011bj\u0161\u00edm instituc\u00edm a vy\u0161\u0161\u00ed \u00farovni medi\u00e1ln\u00ed gramotnosti \u2013 nesm\u00edme podle n\u00ed usnout na vav\u0159\u00ednech. Prevence je kl\u00ed\u010dov\u00e1 a vy\u017eaduje nejen strategii, ale i dostate\u010dn\u00e9 kapacity a skute\u010dnou v\u016fli jednat.<\/p>\n\n\n\n<p><strong>D\u016fle\u017eit\u00e9 odkazy zmi\u0148ovan\u00e9 na webin\u00e1\u0159i:<\/strong><\/p>\n\n\n\n<p>Juraj Buzalka, kniha Postsedliaci:&nbsp;<a href=\"https:\/\/www.martinus.cz\/2615523-postsedliaci\/kniha\">https:\/\/www.martinus.cz\/2615523-postsedliaci\/kniha<\/a><\/p>\n\n\n\n<p>Podcast Ru\u0161i\u010dky:&nbsp;<a href=\"https:\/\/www.youtube.com\/watch?v=pGyZpv1TaGg\">https:\/\/www.youtube.com\/watch?v=pGyZpv1TaGg<\/a><\/p>","protected":false},"excerpt":{"rendered":"<p>V reakci na znepokojiv\u00fd v\u00fdvoj politick\u00e9 kultury na Slovensku uspo\u0159\u00e1dal think-tank TOPAZ v \u010dervnu dal\u0161\u00ed z \u0159ady sv\u00fdch webin\u00e1\u0159\u016f, tentokr\u00e1t s n\u00e1zvem\u00a0Slovensko jako pou\u010den\u00ed pro \u010ceskou republiku. Hlavn\u00edm hostem byla \u0159editelka Centra pro informovanou spole\u010dnost&nbsp;Andrea Michalcov\u00e1, kter\u00e1 nab\u00eddla kritick\u00fd pohled na aktu\u00e1ln\u00ed kroky slovensk\u00e9 vl\u00e1dy. V \u00favodu se Michalcov\u00e1 v\u011bnovala obecn\u00e9mu vysv\u011btlen\u00ed pojmu hybridn\u00ed hrozby [&hellip;]<\/p>","protected":false},"author":8,"featured_media":21726,"comment_status":"closed","ping_status":"closed","sticky":false,"template":"","format":"standard","meta":{"footnotes":""},"categories":[5],"tags":[],"class_list":["post-21725","post","type-post","status-publish","format-standard","has-post-thumbnail","hentry","category-aktuality"],"_links":{"self":[{"href":"https:\/\/new.thinktopaz.cz\/en\/wp-json\/wp\/v2\/posts\/21725","targetHints":{"allow":["GET"]}}],"collection":[{"href":"https:\/\/new.thinktopaz.cz\/en\/wp-json\/wp\/v2\/posts"}],"about":[{"href":"https:\/\/new.thinktopaz.cz\/en\/wp-json\/wp\/v2\/types\/post"}],"author":[{"embeddable":true,"href":"https:\/\/new.thinktopaz.cz\/en\/wp-json\/wp\/v2\/users\/8"}],"replies":[{"embeddable":true,"href":"https:\/\/new.thinktopaz.cz\/en\/wp-json\/wp\/v2\/comments?post=21725"}],"version-history":[{"count":1,"href":"https:\/\/new.thinktopaz.cz\/en\/wp-json\/wp\/v2\/posts\/21725\/revisions"}],"predecessor-version":[{"id":21727,"href":"https:\/\/new.thinktopaz.cz\/en\/wp-json\/wp\/v2\/posts\/21725\/revisions\/21727"}],"wp:featuredmedia":[{"embeddable":true,"href":"https:\/\/new.thinktopaz.cz\/en\/wp-json\/wp\/v2\/media\/21726"}],"wp:attachment":[{"href":"https:\/\/new.thinktopaz.cz\/en\/wp-json\/wp\/v2\/media?parent=21725"}],"wp:term":[{"taxonomy":"category","embeddable":true,"href":"https:\/\/new.thinktopaz.cz\/en\/wp-json\/wp\/v2\/categories?post=21725"},{"taxonomy":"post_tag","embeddable":true,"href":"https:\/\/new.thinktopaz.cz\/en\/wp-json\/wp\/v2\/tags?post=21725"}],"curies":[{"name":"wp","href":"https:\/\/api.w.org\/{rel}","templated":true}]}}