{"id":21928,"date":"2025-10-13T09:35:12","date_gmt":"2025-10-13T07:35:12","guid":{"rendered":"https:\/\/new.thinktopaz.cz\/?p=21928"},"modified":"2025-11-04T10:01:36","modified_gmt":"2025-11-04T09:01:36","slug":"marketa-pekarova-adamova-jake-to-je-byt-zenou-v-politice","status":"publish","type":"post","link":"https:\/\/new.thinktopaz.cz\/en\/2025\/10\/13\/marketa-pekarova-adamova-jake-to-je-byt-zenou-v-politice\/","title":{"rendered":"Mark\u00e9ta Pekarov\u00e1 Adamov\u00e1: Jak\u00e9 to je, b\u00fdt \u017eenou v politice?"},"content":{"rendered":"<p>Tuhle ot\u00e1zku jsem dost\u00e1vala 15 let, naposledy od jedn\u00e9 novin\u00e1\u0159ky v tomto t\u00fddnu. Nezlob\u00edm se na ni, ale p\u0159ece jen m\u011b to v\u017edycky trochu zamrz\u00ed. Pro\u010d?<br>T\u00e9ma vy\u0161\u0161\u00edho zastoupen\u00ed \u017een prov\u00e1z\u00ed ka\u017edou politi\u010dku, a\u0165 chce, nebo nechce. Vlastn\u011b se v\u00e1s automaticky lid\u00e9 ptaj\u00ed na \u0159e\u0161en\u00ed, a\u0165 u\u017e se chcete prim\u00e1rn\u011b v\u011bnovat t\u0159eba obran\u011b nebo doprav\u011b, zkr\u00e1tka jen proto, \u017ee jste \u017eena.<br>J\u00e1 osobn\u011b jsem se tomu nebr\u00e1nila, ale ani to nebylo jedin\u00e9, co by m\u011b v politice zaj\u00edmalo. Kdy\u017e je te\u010f pro n\u011bkter\u00e9 takov\u00fdm \u0161okem, \u017ee \u017eeny usp\u011bly v\u00edc ne\u017e kdy p\u0159edt\u00edm (a nedejbo\u017ee dokonce mlad\u00e9 \u017eeny!), tak si dovol\u00edm p\u00e1r post\u0159eh\u016f. Snad si to mohu po t\u011bch 15 letech dovolit.<br>1. Zkusme si v\u017edycky p\u0159ed polo\u017een\u00edm ot\u00e1zky ud\u011blat \u201etest mu\u017eem\u201c. Zeptali byste se na tot\u00e9\u017e mu\u017ee? Fakt si nemysl\u00edm, \u017ee by se kdokoliv ptal mu\u017ee na to, jak\u00e9 to je b\u00fdt mu\u017eem v politice. Ptaj\u00ed se mu\u017e\u016f na to, jak zvl\u00e1daj\u00ed p\u00e9\u010di o d\u011bti, dom\u00e1cnost a sv\u00e9 dal\u0161\u00ed povinnosti? Ehm\u2026 odpov\u011b\u010f v\u0161ichni zn\u00e1me. To sam\u00e9 o hodnocen\u00ed \u2013 hodnot\u00ed n\u011bkdo mu\u017ee za to, jestli je jejich kravata modr\u00e1, nebo zda m\u011bli padnouc\u00ed sako? Kolik titulk\u016f jsem si o sob\u011b p\u0159e\u010detla s t\u00edm, \u017ee jsem m\u011bla \u201ezelen\u00e9 sako\u201c, \u201emodr\u00fd kost\u00fdmek\u201c nebo prost\u011b jen \u201e\u0161aty\u201c! Fakt je pot\u0159eba se jen \u017een pt\u00e1t, jak to ud\u011blat, abychom jich m\u011bli ve ve\u0159ejn\u00fdch funkc\u00edch v\u00edc? Na to se ptejme, ale nejen jich, zapojme i mu\u017ee.<\/p>\n\n\n\n<p>2. Fakt u\u017e nepo\u0159\u00e1dejme semin\u00e1\u0159e a konference s n\u00e1zvem: \u201ePat\u0159\u00ed \u017eeny do politiky?\u201c J\u00e1 fakt nech\u00e1pu, jak to n\u011bkoho m\u016f\u017ee je\u0161t\u011b napadnout. Obsah m\u016f\u017ee b\u00fdt zaj\u00edmav\u00fd, ale co n\u00e1m podobn\u00e9 n\u00e1zvy podsouvaj\u00ed, je, \u017ee je to exotick\u00e9, netradi\u010dn\u00ed a mo\u017en\u00e1 a\u017e odv\u00e1\u017en\u00e9 cht\u00edt \u017eeny v politice. M\u00e1me aktivn\u00ed i pasivn\u00ed volebn\u00ed pr\u00e1vo od roku 1920. V\u00edc ne\u017e sto let! STO LET! To se fakt o tom je\u0161t\u011b po\u0159\u00e1d pot\u0159ebujeme uji\u0161\u0165ovat?<\/p>\n\n\n\n<p>3. Necht\u011bjme \u017eeny v politice proto, aby ji kultivovaly. Tohle mi do\u0161lo a\u017e postupn\u011b, zpo\u010d\u00e1tku jsem si mo\u017en\u00e1 sama myslela, \u017ee v\u00edc \u017een v politice se rovn\u00e1 kultivaci politiky. Jen\u017ee mi do\u0161lo, \u017ee to jen zas a znova klade na \u017eeny v\u011bt\u0161\u00ed n\u00e1roky. Pro\u010d by ji m\u011bly kultivovat jen \u017eeny? Nen\u00ed to \u00fakol pro n\u00e1s v\u0161echny?<\/p>\n\n\n\n<p>4. Necht\u011bjme od \u017een, aby mluvily za v\u0161echny \u017eeny. Ve spole\u010dnosti je to tak p\u016fl na p\u016fl, ale jen n\u00e1s \u017een se ptaj\u00ed na n\u00e1zor v\u0161ech \u017een\u2026 V\u00e1\u017en\u011b? Copak si n\u011bkdo m\u016f\u017ee myslet, \u017ee m\u00e1m stejn\u00e9 n\u00e1zory jako v\u0161echny ostatn\u00ed \u017eeny? Fakt si n\u011bkdo mysl\u00ed, \u017ee m\u00e1m stejn\u00e9 n\u00e1zory jako t\u0159eba Kate\u0159ina Kone\u010dn\u00e1 \u010di Jana Mal\u00e1\u010dov\u00e1?<\/p>\n\n\n\n<p>5. Ned\u011blejme z mu\u017e\u016f, kte\u0159\u00ed podporuj\u00ed sv\u00e9 kari\u00e9rn\u011b \u00fasp\u011b\u0161n\u00e9 \u017eeny, exoty. Ot\u00e1zka na m\u00e9ho man\u017eela, jak to zvl\u00e1d\u00e1, m\u011b dok\u00e1zala pobavit stejn\u011b, jako v\u00fd\u0161e zm\u00edn\u011bn\u00e9 dotazy.<br>Na\u0161lo by se toho mnohem v\u00edc, co by se dalo zm\u00ednit. M\u00e1m zkr\u00e1tka pocit, \u017ee u\u017e jen to, jak o \u017een\u00e1ch v politice mluv\u00edme, se odr\u00e1\u017e\u00ed na cel\u00e9 spole\u010densk\u00e9 n\u00e1lad\u011b. Za sv\u016fj \u017eivot jsem dala stovky rozhovor\u016f. Ve velk\u00e9 \u010d\u00e1sti z nich se i novin\u00e1\u0159ky (ano, \u017eeny) a novin\u00e1\u0159i ptali na v\u011bci, kter\u00e9 m\u00e1me spojen\u00e9 pr\u00e1v\u011b s t\u00edm \u201ezvl\u00e1d\u00e1n\u00edm, kultivov\u00e1n\u00edm\u201c apod. T\u0159eba t\u00e9ma hejt\u016f bylo v jeden \u010das to nejv\u00edc, co novin\u00e1\u0159e zaj\u00edmalo. Ne moje n\u00e1vrhy \u0159e\u0161en\u00ed probl\u00e9m\u016f, ne moje n\u00e1zory na aktu\u00e1ln\u00ed d\u011bn\u00ed, ale to, co \u0159\u00edk\u00e1m na uboh\u00e9 projevy nen\u00e1vistn\u00fdch lid\u00ed.<br>Pros\u00edm, ned\u011blejte to t\u011bm st\u00e1vaj\u00edc\u00edm politi\u010dk\u00e1m. Ptejte se jich na n\u00e1zory, \u0159e\u0161en\u00ed, postoje. Bu\u010fte na n\u011b stejn\u011b n\u00e1ro\u010dn\u00ed jako na mu\u017ee politiky. Ony to unesou, zvl\u00e1dnou a mnoh\u00e9 obstoj\u00ed. Ve\u0159ejn\u00fd prostor kultivujeme v\u0161ichni,&nbsp;d\u00edky&nbsp;za&nbsp;to.<\/p>\n\n\n\n<p><em>Mark\u00e9ta Pekarov\u00e1 Adamov\u00e1, p\u0159edsedkyn\u011b TOP 09 a \u010dlenka V\u00fdkonn\u00e9 rady TOPAZ<\/em><\/p>","protected":false},"excerpt":{"rendered":"<p>Tuhle ot\u00e1zku jsem dost\u00e1vala 15 let, naposledy od jedn\u00e9 novin\u00e1\u0159ky v tomto t\u00fddnu. Nezlob\u00edm se na ni, ale p\u0159ece jen m\u011b to v\u017edycky trochu zamrz\u00ed. Pro\u010d?T\u00e9ma vy\u0161\u0161\u00edho zastoupen\u00ed \u017een prov\u00e1z\u00ed ka\u017edou politi\u010dku, a\u0165 chce, nebo nechce. Vlastn\u011b se v\u00e1s automaticky lid\u00e9 ptaj\u00ed na \u0159e\u0161en\u00ed, a\u0165 u\u017e se chcete prim\u00e1rn\u011b v\u011bnovat t\u0159eba obran\u011b nebo doprav\u011b, zkr\u00e1tka [&hellip;]<\/p>","protected":false},"author":8,"featured_media":21929,"comment_status":"closed","ping_status":"closed","sticky":false,"template":"","format":"standard","meta":{"footnotes":""},"categories":[5],"tags":[],"class_list":["post-21928","post","type-post","status-publish","format-standard","has-post-thumbnail","hentry","category-aktuality"],"_links":{"self":[{"href":"https:\/\/new.thinktopaz.cz\/en\/wp-json\/wp\/v2\/posts\/21928","targetHints":{"allow":["GET"]}}],"collection":[{"href":"https:\/\/new.thinktopaz.cz\/en\/wp-json\/wp\/v2\/posts"}],"about":[{"href":"https:\/\/new.thinktopaz.cz\/en\/wp-json\/wp\/v2\/types\/post"}],"author":[{"embeddable":true,"href":"https:\/\/new.thinktopaz.cz\/en\/wp-json\/wp\/v2\/users\/8"}],"replies":[{"embeddable":true,"href":"https:\/\/new.thinktopaz.cz\/en\/wp-json\/wp\/v2\/comments?post=21928"}],"version-history":[{"count":1,"href":"https:\/\/new.thinktopaz.cz\/en\/wp-json\/wp\/v2\/posts\/21928\/revisions"}],"predecessor-version":[{"id":21930,"href":"https:\/\/new.thinktopaz.cz\/en\/wp-json\/wp\/v2\/posts\/21928\/revisions\/21930"}],"wp:featuredmedia":[{"embeddable":true,"href":"https:\/\/new.thinktopaz.cz\/en\/wp-json\/wp\/v2\/media\/21929"}],"wp:attachment":[{"href":"https:\/\/new.thinktopaz.cz\/en\/wp-json\/wp\/v2\/media?parent=21928"}],"wp:term":[{"taxonomy":"category","embeddable":true,"href":"https:\/\/new.thinktopaz.cz\/en\/wp-json\/wp\/v2\/categories?post=21928"},{"taxonomy":"post_tag","embeddable":true,"href":"https:\/\/new.thinktopaz.cz\/en\/wp-json\/wp\/v2\/tags?post=21928"}],"curies":[{"name":"wp","href":"https:\/\/api.w.org\/{rel}","templated":true}]}}