{"id":21931,"date":"2025-10-13T09:36:07","date_gmt":"2025-10-13T07:36:07","guid":{"rendered":"https:\/\/new.thinktopaz.cz\/?p=21931"},"modified":"2025-11-04T10:01:39","modified_gmt":"2025-11-04T09:01:39","slug":"ministr-zenisek-po-navsteve-tchaj-wanu-do-ceska-prijdou-dalsi-firmy-investice-a-spickove-technologie","status":"publish","type":"post","link":"https:\/\/new.thinktopaz.cz\/en\/2025\/10\/13\/ministr-zenisek-po-navsteve-tchaj-wanu-do-ceska-prijdou-dalsi-firmy-investice-a-spickove-technologie\/","title":{"rendered":"Ministr \u017den\u00ed\u0161ek po n\u00e1v\u0161t\u011bv\u011b Tchaj-wanu: Do \u010ceska p\u0159ijdou dal\u0161\u00ed firmy, investice a \u0161pi\u010dkov\u00e9 technologie"},"content":{"rendered":"<p><strong>Ministr pro v\u011bdu, v\u00fdzkum a inovace Marek \u017den\u00ed\u0161ek nav\u0161t\u00edvil v&nbsp;polovin\u011b z\u00e1\u0159\u00ed Tchaj-wan jako prvn\u00ed \u010desk\u00fd ministr po v\u00edce ne\u017e t\u0159iceti letech. Tentokr\u00e1te se to obe\u0161lo bez velk\u00fdch protest\u016f komunistick\u00e9 \u010c\u00edny, kter\u00e1 pova\u017euje ostrov za svoji provincii. D\u016fvodem je mo\u017en\u00e1 to, \u017ee prim\u00e1rn\u00edm c\u00edlem cesty nebyly politick\u00e9 proklamace, ale snaha z\u00edskat tchajwansk\u00e9 investice do polovodi\u010dov\u00e9ho pr\u016fmyslu v&nbsp;\u010cesku, roz\u0161\u00ed\u0159it spolupr\u00e1ci v&nbsp;oblasti dal\u0161\u00edch modern\u00edch technologi\u00ed, um\u011bl\u00e9 inteligence a vytvo\u0159it podm\u00ednky pro vznik spole\u010dn\u00fdch v\u00fdvojov\u00fdch center.&nbsp;<em>\u201eTo se poda\u0159ilo, do \u010cesk\u00e9 republiky p\u0159ijdou z&nbsp;Tchaj-wanu dal\u0161\u00ed firmy a nov\u00e9 investice,\u201c<\/em>&nbsp;\u0159ekl pro Reflex.cz Marek \u017den\u00ed\u0161ek.&nbsp;<\/strong><\/p>\n\n\n\n<p>Tchaj-wan je sv\u011btov\u00fdm l\u00eddrem ve v\u00fdrob\u011b pokro\u010dil\u00fdch \u010dip\u016f. Spolupr\u00e1ce s&nbsp;ostrovem v&nbsp;oblasti nejmodern\u011bj\u0161\u00edch technologi\u00ed je tedy nutnost\u00ed. Ministr Marek \u017den\u00ed\u0161ek proto vystoupil na Tchaj-wanu na presti\u017en\u00edm veletrhu Semicon Network Summit, co\u017e byla leto\u0161n\u00ed nejv\u00fdznamn\u011bj\u0161\u00ed ud\u00e1lost polovodi\u010dov\u00e9ho pr\u016fmyslu v&nbsp;Asii.&nbsp;<em>\u201ePromluvil tam i tchajwansk\u00fd prezident Laj \u010cching-te, s&nbsp;kter\u00fdm jsme pak o&nbsp;t\u00e9to problematice diskutovali,\u201c<\/em>&nbsp;\u0159ekl&nbsp;<strong>\u017den\u00ed\u0161ek<\/strong>&nbsp;Reflexu.cz.<\/p>\n\n\n\n<p>Celkem Tchaj-wan v&nbsp;\u010cesk\u00e9 republice investoval t\u00e9m\u011b\u0159 miliardu dolar\u016f (co\u017e je daleko v\u00edce ne\u017e nap\u0159\u00edklad \u010c\u00edna) a vytvo\u0159il zde 25&nbsp;000 nov\u00fdch pracovn\u00edch m\u00edst. Nap\u0159\u00edklad technologick\u00e1 spole\u010dnost Foxconn zam\u011bstn\u00e1v\u00e1 v&nbsp;Pardubic\u00edch a Kutn\u00e9 Ho\u0159e p\u0159es p\u011bt tis\u00edc lid\u00ed a je druh\u00fdm nejv\u011bt\u0161\u00edm export\u00e9rem v&nbsp;\u010cesku. Firma Advantech, glob\u00e1ln\u00ed l\u00eddr v&nbsp;oblasti IoT syst\u00e9m\u016f, pak u&nbsp;n\u00e1s provozuje v\u00fdvojovou kancel\u00e1\u0159 zam\u011b\u0159enou na v\u00fdzkum a v\u00fdvoj.&nbsp;<em>\u201eDv\u011b dal\u0161\u00ed tchajwansk\u00e9 firmy pro v\u00fdrobu bateri\u00ed a datov\u00fdch kabel\u016f cht\u011bj\u00ed z\u0159\u00eddit v&nbsp;Praze sv\u00e9 celoevropsk\u00e9 centr\u00e1ly a sv\u00e9 pobo\u010dky u&nbsp;n\u00e1s cht\u011bj\u00ed otev\u0159\u00edt i tchajwansk\u00e9 banky, aby napomohly vz\u00e1jemn\u00e9mu byznysu,\u201c<\/em>&nbsp;popisuje&nbsp;<strong>Marek \u017den\u00ed\u0161ek<\/strong>, jeden z&nbsp;v\u00fdsledk\u016f sv\u00e9 cesty. Hledaj\u00ed se i cesty k&nbsp;nav\u00e1z\u00e1n\u00ed hlub\u0161\u00ed spolupr\u00e1ce v&nbsp;oblasti um\u011bl\u00e9 inteligence, biotechnologie \u010di kosmick\u00fdch technologi\u00ed.<\/p>\n\n\n\n<p>Sou\u010dasn\u011b ministr \u017den\u00ed\u0161ek upozor\u0148uje na to, \u017ee nesta\u010d\u00ed m\u00edt pouze s&nbsp;Tchaj-wanem dobr\u00e9 vztahy, proto\u017ee jak USA, tak evropsk\u00e9 zem\u011b se p\u0159etahuj\u00ed o&nbsp;investice z&nbsp;ostrova a je v&nbsp;tom obrovsk\u00e1 konkurence. \u010cesko v&nbsp;p\u0159\u00edpad\u011b n\u011bkter\u00fdch v\u011bc\u00ed \u201esout\u011b\u017e\u00ed\u201c s&nbsp;Polskem.&nbsp;<em>\u201eGlob\u00e1ln\u00ed gigant, firma Foxconn chce do Evropy um\u00edstit sv\u016fj technologick\u00fd park a my jsme jednou ze zva\u017eovan\u00fdch&nbsp;mo\u017enost\u00ed. Mus\u00edme se sna\u017eit z\u00edskat podobnou investici, to by p\u0159isp\u011blo k&nbsp;tomu, abychom se stali z&nbsp;montovny evropskou mozkovnou,\u201c<\/em>&nbsp;dod\u00e1v\u00e1&nbsp;<strong>Marek \u017den\u00ed\u0161ek<\/strong>.<\/p>\n\n\n\n<p>Proto se setkal i s&nbsp;tchajwansk\u00fdm ministrem pro v\u011bdu a techniku \u010ccheng Wen-wu.&nbsp;<em>\u201eProbrali jsme mo\u017enosti dal\u0161\u00edch v\u00fdm\u011bnn\u00fdch program\u016f, mentoringu startup\u016f nebo spole\u010dn\u00fdch grant\u016f. Z\u00e1sadn\u00ed je tak\u00e9 spolupr\u00e1ce v&nbsp;oblasti laserov\u00fdch technologi\u00ed, o&nbsp;kterou m\u00e1 tchajwansk\u00e1 strana velk\u00fd z\u00e1jem. Hovo\u0159ili jsme i o&nbsp;z\u00e1m\u011bru na vybudov\u00e1n\u00ed AI gigafactory v&nbsp;\u010cesku,\u201c<\/em>&nbsp;\u0159ekl Reflexu.cz ministr&nbsp;<strong>\u017den\u00ed\u0161ek<\/strong>.<\/p>\n\n\n\n<p>Marek \u017den\u00ed\u0161ek na Tchaj-wanu nav\u0161t\u00edvil i dv\u011b m\u00edstn\u00ed st\u011b\u017eejn\u00ed v\u00fdzkumn\u00e9 instituce. Science Park v&nbsp;Hsinchu je zn\u00e1m\u00fd jako tchajwansk\u00e1 obdoba Silicon Valley. Industrial Technology Research Institute pak pat\u0159\u00ed k&nbsp;nejvlivn\u011bj\u0161\u00edm sv\u011btov\u00fdm \u00fastav\u016fm v&nbsp;oblasti aplikovan\u00e9ho v\u00fdzkumu a sna\u017e\u00ed se v\u011bdeck\u00e9 objevy prom\u011bnit v&nbsp;re\u00e1ln\u00e9 produkty a slu\u017eby v&nbsp;oblasti robotiky a um\u011bl\u00e9 inteligence.<\/p>\n\n\n\n<p>N\u00e1v\u0161t\u011bva ministra \u017den\u00ed\u0161ka tak\u00e9 uk\u00e1zala, \u017ee za posledn\u00ed \u010dty\u0159i roky se spolupr\u00e1ce \u010ceska s&nbsp;Tchaj-wanem zna\u010dn\u011b roz\u0161\u00ed\u0159ila. Za exprezidenta Milo\u0161e Zemana a kdy\u017e byla v&nbsp;p\u0159edchoz\u00edch vl\u00e1d\u00e1ch sed\u011bla i levicov\u00e1 soci\u00e1ln\u00ed demokracie, tak byla preferov\u00e1na spolupr\u00e1ce s&nbsp;\u010c\u00ednou a Tchaj-wan byl odsunut do pozad\u00ed. Jen\u017ee Zemanem slibovan\u00e9 obrovsk\u00e9 investice z&nbsp;\u010c\u00edny nep\u0159i\u0161ly a situace se zm\u011bnila.<\/p>\n\n\n\n<p><em>\u201eJak spolupr\u00e1ce mezi firmami, tak na akademick\u00e9 \u00farovni \u010di v&nbsp;kultu\u0159e je st\u00e1le hlub\u0161\u00ed a v\u011b\u0159\u00edm, \u017ee se to u\u017e nezvr\u00e1t\u00ed bez ohledu na to, kdo bude v&nbsp;\u010cesku vl\u00e1dnout,\u201c<\/em>&nbsp;p\u0159ipom\u00edn\u00e1 ministr&nbsp;<strong>\u017den\u00ed\u0161ek<\/strong>. Za p\u0159\u00edklad dobr\u00fdch vztah\u016f je pova\u017eov\u00e1no i zaveden\u00ed p\u0159\u00edm\u00e9 leteck\u00e9 linky mezi Prahou a metropol\u00ed Tchaj-pej\u00ed, kterou od \u010dervence 2023 \u00fasp\u011b\u0161n\u011b provozuje tchajwansk\u00e1 spole\u010dnost China Airlines.&nbsp;<em>\u201eDal\u0161\u00ed investice a spolupr\u00e1ce by m\u011bly fungovat na principu sn\u011bhov\u00e9 koule, na kterou se nabaluj\u00ed dal\u0161\u00ed a dal\u0161\u00ed v\u011bci,\u201c<\/em>&nbsp;\u0159\u00edk\u00e1 ministr pro v\u011bdu, v\u00fdzkum a inovace&nbsp;<strong>Marek \u017den\u00ed\u0161ek<\/strong>.<\/p>\n\n\n\n<p>Ekonomickou spolupr\u00e1ci s&nbsp;Tchaj-wanem maj\u00ed i jin\u00e9 st\u00e1ty, ale \u010cesk\u00e1 republika m\u00e1 s&nbsp;t\u00edmto demokratick\u00fdm ostrovem v\u00fdznamn\u00e9 styky i na politick\u00e9 \u00farovni. \u010c\u00edna oproti tomu protestuje, proto\u017ee pova\u017euje ostrov za svoji provincii, p\u0159esto\u017ee Tchaj-wan m\u00e1 v\u0161echny atributy nez\u00e1visl\u00e9ho st\u00e1tu. N\u00e1v\u0161t\u011bva ministra Marka \u017den\u00ed\u0161ka tak nav\u00e1zala na cesty p\u0159edsedy Sen\u00e1tu Milo\u0161e Vystr\u010dila a p\u0159edsedkyn\u011b Poslaneck\u00e9 sn\u011bmovny Mark\u00e9ty Pekarov\u00e9 Adamov\u00e9. Koncem ledna 2023 hovo\u0159il s&nbsp;b\u00fdvalou prezidentkou Tchaj-wanu Cchaj Jing-wen po sv\u00e9m zvolen\u00ed i prezident Petr Pavel. Tento telefonick\u00fd rozhovor byl ozna\u010den za diplomatick\u00fd pr\u016flom, proto\u017ee hlavy z\u00e1padn\u00edch st\u00e1t\u016f v\u011bt\u0161inou nemluv\u00ed s&nbsp;nejvy\u0161\u0161\u00edmi p\u0159edstaviteli ostrova nap\u0159\u00edmo.<\/p>\n\n\n\n<p>P\u0159evzato z:&nbsp;<a href=\"https:\/\/www.reflex.cz\/clanek\/zpravy\/132223\/ministr-zenisek-po-navsteve-tchaj-wanu-do-ceska-prijdou-dalsi-firmy-investice-a-spickove-technologie.html\" target=\"_blank\" rel=\"noreferrer noopener\">Viliam Buchert, Reflex, 29. 9. 2025<\/a><\/p>","protected":false},"excerpt":{"rendered":"<p>Ministr pro v\u011bdu, v\u00fdzkum a inovace Marek \u017den\u00ed\u0161ek nav\u0161t\u00edvil v&nbsp;polovin\u011b z\u00e1\u0159\u00ed Tchaj-wan jako prvn\u00ed \u010desk\u00fd ministr po v\u00edce ne\u017e t\u0159iceti letech. Tentokr\u00e1te se to obe\u0161lo bez velk\u00fdch protest\u016f komunistick\u00e9 \u010c\u00edny, kter\u00e1 pova\u017euje ostrov za svoji provincii. D\u016fvodem je mo\u017en\u00e1 to, \u017ee prim\u00e1rn\u00edm c\u00edlem cesty nebyly politick\u00e9 proklamace, ale snaha z\u00edskat tchajwansk\u00e9 investice do polovodi\u010dov\u00e9ho pr\u016fmyslu [&hellip;]<\/p>","protected":false},"author":8,"featured_media":21932,"comment_status":"closed","ping_status":"closed","sticky":false,"template":"","format":"standard","meta":{"footnotes":""},"categories":[5],"tags":[],"class_list":["post-21931","post","type-post","status-publish","format-standard","has-post-thumbnail","hentry","category-aktuality"],"_links":{"self":[{"href":"https:\/\/new.thinktopaz.cz\/en\/wp-json\/wp\/v2\/posts\/21931","targetHints":{"allow":["GET"]}}],"collection":[{"href":"https:\/\/new.thinktopaz.cz\/en\/wp-json\/wp\/v2\/posts"}],"about":[{"href":"https:\/\/new.thinktopaz.cz\/en\/wp-json\/wp\/v2\/types\/post"}],"author":[{"embeddable":true,"href":"https:\/\/new.thinktopaz.cz\/en\/wp-json\/wp\/v2\/users\/8"}],"replies":[{"embeddable":true,"href":"https:\/\/new.thinktopaz.cz\/en\/wp-json\/wp\/v2\/comments?post=21931"}],"version-history":[{"count":1,"href":"https:\/\/new.thinktopaz.cz\/en\/wp-json\/wp\/v2\/posts\/21931\/revisions"}],"predecessor-version":[{"id":21933,"href":"https:\/\/new.thinktopaz.cz\/en\/wp-json\/wp\/v2\/posts\/21931\/revisions\/21933"}],"wp:featuredmedia":[{"embeddable":true,"href":"https:\/\/new.thinktopaz.cz\/en\/wp-json\/wp\/v2\/media\/21932"}],"wp:attachment":[{"href":"https:\/\/new.thinktopaz.cz\/en\/wp-json\/wp\/v2\/media?parent=21931"}],"wp:term":[{"taxonomy":"category","embeddable":true,"href":"https:\/\/new.thinktopaz.cz\/en\/wp-json\/wp\/v2\/categories?post=21931"},{"taxonomy":"post_tag","embeddable":true,"href":"https:\/\/new.thinktopaz.cz\/en\/wp-json\/wp\/v2\/tags?post=21931"}],"curies":[{"name":"wp","href":"https:\/\/api.w.org\/{rel}","templated":true}]}}