{"id":21934,"date":"2025-10-02T09:51:00","date_gmt":"2025-10-02T07:51:00","guid":{"rendered":"https:\/\/new.thinktopaz.cz\/?p=21934"},"modified":"2025-11-04T10:01:32","modified_gmt":"2025-11-04T09:01:32","slug":"mise-tchaj-wan-25-rozvoj-spoluprace-v-zajmu-ceska-ministr-marek-zenisek-na-navsteve-tchaj-wanu","status":"publish","type":"post","link":"https:\/\/new.thinktopaz.cz\/en\/2025\/10\/02\/mise-tchaj-wan-25-rozvoj-spoluprace-v-zajmu-ceska-ministr-marek-zenisek-na-navsteve-tchaj-wanu\/","title":{"rendered":"MISE TCHAJ-WAN \u201925. Rozvoj spolupr\u00e1ce v z\u00e1jmu \u010ceska. Ministr Marek \u017den\u00ed\u0161ek na n\u00e1v\u0161t\u011bv\u011b Tchaj-wanu."},"content":{"rendered":"<p><strong>St\u00e1t na spr\u00e1vn\u00e9 stran\u011b znamen\u00e1 podporu ekonomick\u00e9, v\u011bdeck\u00e9 i kulturn\u00ed spolupr\u00e1ce s&nbsp;demokratick\u00fdm Tchaj-wanem, kter\u00fd v&nbsp;posledn\u00edch letech v\u00fdznamn\u011b posiluje investice v&nbsp;\u010cesku.<\/strong><\/p>\n\n\n\n<h2 class=\"wp-block-heading\">V\u00fdznam mise<\/h2>\n\n\n\n<p><em>\u201eBl\u00edzk\u00e9 vztahy s&nbsp;Tchaj-wanem jsou pro \u010cesko rok od roku d\u016fle\u017eit\u011bj\u0161\u00ed. D\u00e1vno nejde jen o&nbsp;hodnoty demokracie, ale jde tak\u00e9 o&nbsp;ekonomickou bezpe\u010dnost, siln\u011b spjatou s&nbsp;nez\u00e1vislost\u00ed na zem\u00edch, kter\u00e9 tak r\u00e1dy uplat\u0148uj\u00ed pr\u00e1vo siln\u011bj\u0161\u00edho.<\/em><\/p>\n\n\n\n<p><em>Cel\u00fd sv\u011bt je dnes z\u00e1visl\u00fd na p\u0159\u00edstupu k&nbsp;\u010dip\u016fm jako nezbytn\u00e9 komponent\u011b modern\u00edho pr\u016fmyslu, energetiky, zdravotnictv\u00ed \u010di obrany. Tchaj-wan je v&nbsp;tomto odv\u011btv\u00ed velmoc\u00ed jak objemem v\u00fdroby, tak technologickou vysp\u011blost\u00ed. D\u00edky na\u0161\u00ed jasn\u011b veden\u00e9 politice a ekonomick\u00fdm vztah\u016fm, kter\u00e9 po letech \u00fasil\u00ed p\u0159er\u016fstaj\u00ed v&nbsp;p\u0159\u00e1telsk\u00e9 kontakty, se Tchaj-wan st\u00e1v\u00e1 na\u0161\u00edm v\u00fdznamn\u00fdm partnerem pro digit\u00e1ln\u00ed \u00e9ru.<\/em><\/p>\n\n\n\n<p><em>U\u017e toti\u017e nejde jenom o&nbsp;to, co v\u0161echno d\u00edky Tchaj-wanu z\u00edsk\u00e1me. Bez rozv\u00edjen\u00ed spolupr\u00e1ce ve strategicky kl\u00ed\u010dov\u00fdch oblastech bychom mohli v&nbsp;p\u0159\u00ed\u0161t\u00edch letech mnoho ztratit. A to nemluv\u00edm p\u0159itom jen o&nbsp;ekonomick\u00fdch a v\u011bdeck\u00fdch p\u0159\u00edle\u017eitostech.<\/em><\/p>\n\n\n\n<p><strong>V\u00e1\u0161 Marek \u017den\u00ed\u0161ek<br><\/strong><strong>ministr pro v\u011bdu, v\u00fdzkum a inovace<\/strong><\/p>\n\n\n\n<h2 class=\"wp-block-heading\">C\u00edle mise<\/h2>\n\n\n\n<h4 class=\"wp-block-heading\">V\u011bdeck\u00e1 a v\u00fdzkumn\u00e1 spolupr\u00e1ce, ekonomick\u00e1 suverenita a bezpe\u010dnost<\/h4>\n\n\n\n<p>Poctiv\u00e9 budov\u00e1n\u00ed vztah\u016f s&nbsp;Tchaj-wanem, kter\u00fd je \u010dipovou velmoc\u00ed a kter\u00fd z\u00e1rove\u0148 jedn\u00e1 p\u0159edv\u00eddateln\u011b a partnersky, je sou\u010d\u00e1st\u00ed opat\u0159en\u00ed sni\u017euj\u00edc\u00edch na\u0161i zranitelnost. Je to n\u00e1\u0161 zp\u016fsob, jak neb\u00fdt zraniteln\u00fdmi ve sv\u011bt\u011b, kter\u00fd se st\u00e1v\u00e1 \u010d\u00edm d\u00e1l m\u00e9n\u011b stabiln\u00edm.<\/p>\n\n\n\n<p>Rozvoj na\u0161ich vztah\u016f je oboustrann\u011b v\u00fdhodn\u00fd. Vzhledem ke geopolitick\u00e9mu v\u00fdvoji posledn\u00edch dn\u00ed \u0159ada tchajwansk\u00fdch firem zva\u017euje diverzifikaci dodavatelsk\u00fdch \u0159et\u011bzc\u016f, p\u0159i\u010dem\u017e Evropa, a zvl\u00e1\u0161t\u011b pak st\u0159edn\u00ed Evropa se st\u00e1vaj\u00ed \u017e\u00e1danou destinac\u00ed.<\/p>\n\n\n\n<p><a href=\"https:\/\/www.top09.cz\/co-delame\/tiskove-zpravy\/mise-tchaj-wan-25-rozvoj-spoluprace-v-zajmu-ceska-ministr-marek-zenisek-na-navsteve-tchaj-wanu-32573.html#_Strategick%C3%A1_spojenectv%C3%AD_na\"><strong>Jak tomu p\u0159isp\u011bje Mise Tchaj-wan \u201925?<\/strong><\/a><\/p>\n\n\n\n<h4 class=\"wp-block-heading\">\u010cesko viditeln\u011b v&nbsp;\u010dele hi-tech pelotonu<\/h4>\n\n\n\n<p>\u010cesko si m\u00e1 co \u0159\u00edct s&nbsp;t\u011bmi naprosto nejlep\u0161\u00edmi. M\u00e1me se \u010d\u00edm chlubit a m\u00e1me jim co nab\u00eddnout. Z&nbsp;minulosti v\u00edme, \u017ee Tchajwanci jsou spolupr\u00e1ci s&nbsp;n\u00e1mi otev\u0159en\u00ed a cen\u00ed si na\u0161eho f\u00e9rov\u00e9ho p\u0159\u00edstupu. V&nbsp;sou\u010dasnosti tak navazujeme mj. na p\u0159edchoz\u00ed \u00fasp\u011bchy diplomacie p\u0159edsedkyn\u011b Poslaneck\u00e9 sn\u011bmovny Mark\u00e9ty Pekarov\u00e9 Adamov\u00e9.<\/p>\n\n\n\n<p>Tchajwansk\u00e9 spole\u010dnosti z&nbsp;oboru ICT, polovodi\u010d\u016f nebo clean-tech dlouhodob\u011b hledaj\u00ed p\u0159\u00edle\u017eitosti k&nbsp;expanzi pr\u00e1v\u011b v&nbsp;EU. Maj\u00ed z\u00e1jem o&nbsp;vytv\u00e1\u0159en\u00ed technologick\u00fdch center v&nbsp;Evrop\u011b. \u010cesko se svou technickou odbornost\u00ed a strategickou polohou p\u0159edstavuje siln\u00e9ho kandid\u00e1ta. Pro \u010desk\u00e9 firmy i ve\u0159ejn\u00fd sektor to znamen\u00e1 mo\u017enost b\u00fdt p\u0159\u00edmo u&nbsp;zrodu nov\u00fdch v\u00fdrobn\u00edch a inova\u010dn\u00edch klastr\u016f.<\/p>\n\n\n\n<p>Je proto d\u016fle\u017eit\u00e9 b\u00fdt sou\u010d\u00e1st\u00ed sv\u011btov\u00fdch setk\u00e1n\u00ed \u0161pi\u010dek oboru, navazovat kontakty, ukazovat na\u0161i p\u0159ipravenost ke spolupr\u00e1ci i schopnost dr\u017eet krok v&nbsp;kl\u00ed\u010dov\u00fdch oblastech.<\/p>\n\n\n\n<p><a href=\"https:\/\/www.top09.cz\/co-delame\/tiskove-zpravy\/mise-tchaj-wan-25-rozvoj-spoluprace-v-zajmu-ceska-ministr-marek-zenisek-na-navsteve-tchaj-wanu-32573.html#_Zviditeln%C4%9Bn%C3%AD_%C4%8Ceska_a\"><strong>Jak tomu p\u0159isp\u011bje Mise Tchaj-wan \u201925?<\/strong><\/a><\/p>\n\n\n\n<h4 class=\"wp-block-heading\">Smyslupln\u00e9 investice a ekonomick\u00fd r\u016fst<\/h4>\n\n\n\n<p>S\u00edla na\u0161\u00ed ekonomiky, a tedy prosperity n\u00e1s v\u0161ech, je z\u00e1visl\u00e1 na spolupr\u00e1ci se zahrani\u010dn\u00edmi partnery. V\u010detn\u011b investor\u016f, kte\u0159\u00ed n\u00e1s posunou d\u00e1l.<\/p>\n\n\n\n<p>Tchajwansk\u00e9 firmy u&nbsp;n\u00e1s investuj\u00ed a cht\u011bj\u00ed investovat v\u00edc, seri\u00f3zn\u011b to zva\u017euj\u00ed t\u0159eba v\u00fdrobci v\u00fdkonn\u00fdch server\u016f pro AI. Nav\u00edc tamn\u00ed institut pro v\u00fdzkum polovodi\u010d\u016f u&nbsp;n\u00e1s p\u0159edloni otev\u0159el sv\u00e9 v\u016fbec prvn\u00ed mezin\u00e1rodn\u00ed centrum. Dnes u\u017e p\u0159ipravuje t\u0159et\u00ed, p\u0159i\u010dem\u017e v\u0161echna vznikaj\u00ed s&nbsp;podporou tchajwansk\u00e9 vl\u00e1dy.<\/p>\n\n\n\n<p>Znamen\u00e1 to pro n\u00e1s nejen pracovn\u00ed m\u00edsta s&nbsp;vy\u0161\u0161\u00ed p\u0159idanou hodnotou, a tedy za vy\u0161\u0161\u00ed mzdy, ale tak\u00e9 v\u00fdznamn\u00fd rozvoj \u010desk\u00fdch kompetenc\u00ed v&nbsp;oblasti nov\u00fdch technologi\u00ed d\u00edky tomu, \u017ee se budeme u\u010dit od t\u011bch nejlep\u0161\u00edch v&nbsp;oboru. To v\u0161e v&nbsp;d\u016fsledku pom\u016f\u017ee nejen typicky \u010desk\u00fdm odv\u011btv\u00edm (t\u0159eba automobilk\u00e1m), ale tak\u00e9 v\u011bd\u011b, v\u00fdzkumu a inovac\u00edm v&nbsp;\u010cesku.<\/p>\n\n\n\n<p><a href=\"https:\/\/www.top09.cz\/co-delame\/tiskove-zpravy\/mise-tchaj-wan-25-rozvoj-spoluprace-v-zajmu-ceska-ministr-marek-zenisek-na-navsteve-tchaj-wanu-32573.html#_Investice_a_konkuren%C4%8Dn%C3%AD\"><strong>Jak tomu p\u0159isp\u011bje Mise Tchaj-wan \u201925?<\/strong><\/a><\/p>\n\n\n\n<h4 class=\"wp-block-heading\">Laborato\u0159e ve slu\u017eb\u00e1ch \u010desk\u00fdch firem<\/h4>\n\n\n\n<p>Investice do vztah\u016f s&nbsp;Tchaj-wanem je tak\u00e9 investic\u00ed do nov\u00e9 generace v\u011bdc\u016f, v\u00fdzkumn\u00edk\u016f, vyn\u00e1lezc\u016f a inov\u00e1tor\u016f u&nbsp;n\u00e1s.<\/p>\n\n\n\n<p>Kde jinde to m\u016f\u017ee d\u00e1vat smysl ne\u017e v&nbsp;\u010cesku, kter\u00e9 navazuje na hlubokou tradici. Na\u0161e zem\u011b dala sv\u011btu nejen bleskosvod, obloukovou lampu a m\u011bkk\u00e9 kontaktn\u00ed \u010do\u010dky, ale tak\u00e9 z\u00e1klady genetiky, syst\u00e9m krevn\u00edch skupin, l\u00e1tky pro l\u00e9\u010dbu AIDS nebo jedny z&nbsp;nejsiln\u011bj\u0161\u00edch laser\u016f na sv\u011bt\u011b. V&nbsp;\u010cesku jsme dnes u&nbsp;pr\u016flomov\u00fdch objev\u016f t\u0159eba v&nbsp;biotechnologi\u00edch, pokro\u010dil\u00e9 medic\u00edn\u011b, elektronov\u00e9 mikroskopii nebo v\u00fdzkumu polovodi\u010dov\u00fdch materi\u00e1l\u016f.<\/p>\n\n\n\n<p>Spolupr\u00e1ce s&nbsp;tchajwansk\u00fdmi akademick\u00fdmi institucemi, jako je Academia Sinica, nab\u00edz\u00ed v\u00fdm\u011bnn\u00e9 programy, spole\u010dn\u00e9 granty a p\u0159\u00edstup k&nbsp;v\u00fdjime\u010dn\u00fdm talent\u016fm.<\/p>\n\n\n\n<p>A samoz\u0159ejm\u011b ne jenom s&nbsp;nimi. Re\u00e1ln\u00e9 mo\u017enosti prohlubov\u00e1n\u00ed v\u00fdm\u011bnn\u00fdch program\u016f, du\u00e1ln\u00edch v\u00fdzkumn\u00fdch projekt\u016f i zakl\u00e1d\u00e1n\u00ed spole\u010dn\u00fdch v\u00fdzkumn\u00fdch struktur otev\u0159eme doko\u0159\u00e1n.<\/p>\n\n\n\n<h4 class=\"wp-block-heading\">Hodnotov\u00e1 politika<\/h4>\n\n\n\n<p>V\u00e1clav Havel \u0159ekl, \u017ee&nbsp;<em>\u201eMy\u0161lenka lidsk\u00fdch pr\u00e1v a svobod mus\u00ed b\u00fdt ned\u00edlnou sou\u010d\u00e1st\u00ed ka\u017ed\u00e9ho smyslupln\u00e9ho sv\u011btov\u00e9ho \u0159\u00e1du.\u201c<\/em><\/p>\n\n\n\n<p>Nebudeme-li se pln\u011b v\u011bnovat obran\u011b spole\u010dn\u00fdch demokratick\u00fdch hodnot, hroz\u00ed, \u017ee mohou b\u00fdt kdykoli poru\u0161eny a ztraceny. Vzhledem k&nbsp;na\u0161emu obdobn\u00e9mu demokratick\u00e9mu v\u00fdvoji, ale i v&nbsp;kontextu geopolitick\u00e9 polarizace posledn\u00edch let, je partnerstv\u00ed s&nbsp;Tchaj-wanem investic\u00ed nevy\u010d\u00edslitelnou.<\/p>\n\n\n\n<p><a href=\"https:\/\/www.top09.cz\/co-delame\/tiskove-zpravy\/mise-tchaj-wan-25-rozvoj-spoluprace-v-zajmu-ceska-ministr-marek-zenisek-na-navsteve-tchaj-wanu-32573.html#_Jasn%C3%A9_ukotven%C3%AD_v\"><strong>Jak tomu p\u0159isp\u011bje Mise Tchaj-wan \u201925?<\/strong><\/a><\/p>\n\n\n\n<h2 class=\"wp-block-heading\">Pr\u016fb\u011bh mise<\/h2>\n\n\n\n<h4 class=\"wp-block-heading\">Strategick\u00e1 spojenectv\u00ed v&nbsp;oblasti v\u011bdy<\/h4>\n\n\n\n<p>V dob\u011b napjat\u00fdch geopolitick\u00fdch vztah\u016f a citeln\u00e9 snahy sv\u011btov\u00fdch velmoc\u00ed rozd\u011blit si nejen trh, ale i p\u0159\u00edstup ke strategick\u00fdm zdroj\u016fm, jsou tato jedn\u00e1n\u00ed pro \u010cesko z\u00e1sadn\u00ed. Jak na \u00farovni obchodn\u00edch vztah\u016f, tak na \u00farovni spojenectv\u00ed v&nbsp;z\u00e1jmu na\u0161\u00ed hospod\u00e1\u0159sk\u00e9 suverenity a s&nbsp;n\u00ed souvisej\u00edc\u00ed ekonomick\u00e9 bezpe\u010dnosti.<\/p>\n\n\n\n<p><a href=\"https:\/\/www.top09.cz\/co-delame\/tiskove-zpravy\/mise-tchaj-wan-25-rozvoj-spoluprace-v-zajmu-ceska-ministr-marek-zenisek-na-navsteve-tchaj-wanu-32573.html#_Technologick%C3%BD_n%C3%A1skok\"><strong>Co t\u00edm sledujeme?<\/strong><\/a><\/p>\n\n\n\n<h4 class=\"wp-block-heading\">Zviditeln\u011bn\u00ed \u010ceska a nov\u00e9 kontakty<\/h4>\n\n\n\n<p>Do Tchaj-peje m\u00ed\u0159\u00ed Marek \u017den\u00ed\u0161ek p\u0159i p\u0159\u00edle\u017eitosti dvou sv\u011btov\u011b presti\u017en\u00edch ud\u00e1lost\u00ed polovodi\u010dov\u00e9ho pr\u016fmyslu, kter\u00e9 budou hostit p\u0159edn\u00ed experty oboru, \u0159editele nadn\u00e1rodn\u00edch firem i politick\u00e9 \u0161pi\u010dky. Na obou z&nbsp;nich ministr vystoup\u00ed jako VIP host, z\u00fa\u010dastn\u00ed se semin\u00e1\u0159\u016f, kulat\u00fdch stol\u016f i spole\u010densk\u00fdch akc\u00ed. Na druh\u00e9 z&nbsp;nich tak\u00e9 slavnostn\u011b otev\u0159e \u010desk\u00fd pavilon.<\/p>\n\n\n\n<p>Prvn\u00ed bude&nbsp;<strong>SEMICON Network Summit<\/strong>, konference zam\u011b\u0159en\u00e1 na v\u00fdznam \u010dip\u016f pro bezpe\u010dnostn\u00ed a ekonomick\u00e9 strategie demokratick\u00fdch zem\u00ed. Druhou pak nejv\u011bt\u0161\u00ed veletrh sv\u00e9ho druhu v&nbsp;cel\u00e9 Asii, na jeho\u017e p\u016fd\u011b se ka\u017edoro\u010dn\u011b setk\u00e1vaj\u00ed nejsiln\u011bj\u0161\u00ed hr\u00e1\u010di z&nbsp;oblasti v\u00fdroby \u010dip\u016f, pokro\u010dil\u00fdch technologi\u00ed, v\u00fdzkumu a mezin\u00e1rodn\u00ed spolupr\u00e1ce:&nbsp;<a href=\"https:\/\/www.semicontaiwan.org\/\" target=\"_blank\" rel=\"noreferrer noopener\"><strong>SEMICON Taiwan 2025<\/strong><\/a>.<\/p>\n\n\n\n<p><a href=\"https:\/\/www.semicontaiwan.org\/en\/about\/pavilions\/Czech-Pavilion\" target=\"_blank\" rel=\"noreferrer noopener\">\u010cesk\u00fd pavilon<\/a>, jeho\u017e slavnostn\u00edho otev\u0159en\u00ed se ministr Marek \u017den\u00ed\u0161ek z\u00fa\u010dastn\u00ed, zviditeln\u00ed nejen \u010desk\u00e9 firmy jako rovnocenn\u00e9 partnery p\u0159ipraven\u00e9 na budouc\u00ed spolupr\u00e1ci \u010di investice, ale tak\u00e9 vysokou \u00farove\u0148 na\u0161eho v\u00fdzkumu a inovac\u00ed, t\u0159eba pokud jde o&nbsp;nejv\u00fdkonn\u011bj\u0161\u00ed laserov\u00e9 syst\u00e9my \u010di \u0161pi\u010dkovou elektronovou mikroskopii, kter\u00e1 se uplat\u0148uje v&nbsp;nanotechnologi\u00edch, materi\u00e1lov\u00e9m v\u00fdzkumu, ale tak\u00e9 v&nbsp;biologii a medic\u00edn\u011b.<\/p>\n\n\n\n<p>Zastoupeny zde budou nap\u0159\u00edklad vl\u00e1dn\u00ed agentura CzechInvest, \u010cesk\u00fd n\u00e1rodn\u00ed polovodi\u010dov\u00fd klastr, Vysok\u00e9 u\u010den\u00ed technick\u00e9 v&nbsp;Brn\u011b, HiLASE, v\u00fdzkumn\u00e9 centrum Fyzik\u00e1ln\u00edho \u00fastavu Akademie v\u011bd \u010cR, a d\u00e1le \u010desk\u00e9 firmy ADVACAM, Meopta, SVCS Process Innovation, UNITES Systems a Vakuum Servis.<\/p>\n\n\n\n<p><a href=\"https:\/\/www.top09.cz\/co-delame\/tiskove-zpravy\/mise-tchaj-wan-25-rozvoj-spoluprace-v-zajmu-ceska-ministr-marek-zenisek-na-navsteve-tchaj-wanu-32573.html#_%C4%8Cesko_viditeln%C4%9B_v\"><strong>Co t\u00edm sledujeme?<\/strong><\/a><\/p>\n\n\n\n<h4 class=\"wp-block-heading\">Investice a celosv\u011btov\u011b konkuren\u010dn\u00ed v\u00fdhody<\/h4>\n\n\n\n<p>Svoji cestu ministr Marek \u017den\u00ed\u0161ek vyu\u017eije i k&nbsp;n\u00e1v\u0161t\u011bv\u011b firem, kter\u00e9 \u010desk\u00fd pr\u016fmysl a jeho potenci\u00e1l u\u017e dob\u0159e znaj\u00ed. Co v\u00edc: Maj\u00ed n\u00e1s v&nbsp;hled\u00e1\u010dku, pokud jde o&nbsp;roz\u0161\u00ed\u0159en\u00ed aktivit v&nbsp;oblasti v\u00fdzkumu, v\u00fdvoje a inovac\u00ed. Mohou n\u00e1m t\u00edm pomoci v&nbsp;\u00fasp\u011b\u0161n\u011b zapo\u010dat\u00e9m p\u0159erodu z&nbsp;role montovny Evropy v&nbsp;jej\u00ed mozkovnu, v\u010detn\u011b p\u0159enosu konkuren\u010dn\u011b siln\u00e9ho know-how.<\/p>\n\n\n\n<p>Potvrzeno je jedn\u00e1n\u00ed s&nbsp;jedn\u00edm z&nbsp;nejv\u00fdznamn\u011bj\u0161\u00edch tchajwansk\u00fdch investor\u016f u&nbsp;n\u00e1s, spole\u010dnost\u00ed&nbsp;<strong>Foxconn<\/strong>. Technologick\u00fd gigant s&nbsp;tis\u00edci \u010desk\u00fdmi zam\u011bstnanci a rozs\u00e1hl\u00fdmi provozy v&nbsp;Pardubic\u00edch a Kutn\u00e9 Ho\u0159e zde u\u017e dnes hraje v\u00fdznamnou roli v&nbsp;oblasti elektroniky a IT technologi\u00ed. Dlouhodob\u011b jedn\u00e1me o&nbsp;posunu sm\u011brem k&nbsp;v\u00fdzkumu, v\u00fdvoji \u010di mentoringu, p\u0159i\u010dem\u017e s\u00e1m Foxconn se netaj\u00ed ambicemi inovovat a transformovat sv\u00e9 evropsk\u00e9 aktivity. Je pro n\u00e1s tak p\u0159irozen\u00fdm partnerem pro p\u0159echod k&nbsp;ekonomice s&nbsp;vy\u0161\u0161\u00ed p\u0159idanou hodnotou.<\/p>\n\n\n\n<p>Ministr nav\u0161t\u00edv\u00ed t\u00e9\u017e spole\u010dnost&nbsp;<strong>Advantech<\/strong>, v\u00fdznamn\u00e9ho producenta pr\u016fmyslov\u00fdch robot\u016f a dal\u0161\u00edch \u0159e\u0161en\u00ed pro automatizaci. I ta u\u017e dnes p\u016fsob\u00ed v&nbsp;\u010cesku, provozuje zde v\u00fdvojovou kancel\u00e1\u0159 zam\u011b\u0159enou na v\u00fdzkum a v\u00fdvoj.<\/p>\n\n\n\n<p><a href=\"https:\/\/www.top09.cz\/co-delame\/tiskove-zpravy\/mise-tchaj-wan-25-rozvoj-spoluprace-v-zajmu-ceska-ministr-marek-zenisek-na-navsteve-tchaj-wanu-32573.html#_Smyslupln%C3%A9_investice_a\"><strong>Co t\u00edm sledujeme?<\/strong><\/a><\/p>\n\n\n\n<h4 class=\"wp-block-heading\">Inspirace i know-how pro transfer znalost\u00ed<\/h4>\n\n\n\n<p>Mise m\u00e1 pro ministra Marka \u017den\u00ed\u0161ka smysl i na \u00farovni \u010desk\u00e9ho transferu znalost\u00ed, tedy propojov\u00e1n\u00ed \u0161pi\u010dkov\u00e9 v\u011bdy a v\u00fdzkumu s&nbsp;firemn\u00ed prax\u00ed. Na Tchaj-wanu, kter\u00fd m\u00e1 v&nbsp;t\u00e9to oblasti des\u00edtky let zku\u0161enost\u00ed, proto nav\u0161t\u00edv\u00ed i dv\u011b st\u011b\u017eejn\u00ed v\u00fdzkumn\u00e9 instituce v&nbsp;oblasti polovodi\u010d\u016f, aby se nejen inspiroval jejich modelem fungov\u00e1n\u00ed, ale tak\u00e9 nav\u00e1zal odborn\u00e9 kontakty.<\/p>\n\n\n\n<p>V Hsinchu delegace nav\u0161t\u00edv\u00ed st\u00e1tn\u00ed&nbsp;<strong>Science Park<\/strong>, tchajwanskou Silicon Valley a jeden z&nbsp;nejv\u00fdznamn\u011bj\u0161\u00edch v\u011bdecko-pr\u016fmyslov\u00fdch park\u016f v&nbsp;Asii, a&nbsp;<strong>Industrial Technology Research Institute<\/strong>, jeden z&nbsp;nejvlivn\u011bj\u0161\u00edch \u00fastav\u016f ve v\u00fdvoji pokro\u010dil\u00fdch technologi\u00ed.<\/p>\n\n\n\n<p>Science Park v&nbsp;Hsinchu je uk\u00e1zkov\u00fdm p\u0159\u00edkladem ve\u0159ejn\u00e9ho ekosyst\u00e9mu, kde spole\u010dn\u011b funguj\u00ed \u0161pi\u010dkov\u00e9 laborato\u0159e, nadn\u00e1rodn\u00ed firmy i za\u010d\u00ednaj\u00edc\u00ed startupy. Takto efektivn\u00ed propojen\u00ed v\u011bdy, byznysu a technologick\u00e9ho transferu za podpory (i zisku) st\u00e1tu n\u00e1m m\u016f\u017ee b\u00fdt inspirac\u00ed, t\u0159eba pro obdobn\u00e9 inova\u010dn\u00ed centrum p\u0159ipravovan\u00e9 Ministerstvem pr\u016fmyslu a obchodu \u010cR.<\/p>\n\n\n\n<p>Industrial Technology Research Institute n\u00e1m zase m\u016f\u017ee uk\u00e1zat cesty aplikovan\u00e9ho v\u00fdzkumu s&nbsp;pozitivn\u00edm dopadem na ekonomiku \u010di ve\u0159ejn\u00e9 slu\u017eby. Dlouhodob\u011b pom\u00e1h\u00e1 prom\u011b\u0148ovat v\u011bdeck\u00e9 objevy v&nbsp;re\u00e1ln\u00e9 produkty a slu\u017eby v&nbsp;oblasti robotiky \u010di um\u011bl\u00e9 inteligence. A pat\u0159\u00ed v&nbsp;tom k&nbsp;t\u011bm nejlep\u0161\u00edm na sv\u011bt\u011b.<\/p>\n\n\n\n<p><a href=\"https:\/\/www.top09.cz\/co-delame\/tiskove-zpravy\/mise-tchaj-wan-25-rozvoj-spoluprace-v-zajmu-ceska-ministr-marek-zenisek-na-navsteve-tchaj-wanu-32573.html#_Laborato%C5%99e_ve_slu%C5%BEb%C3%A1ch\"><strong>Co t\u00edm sledujeme?<\/strong><\/a><\/p>\n\n\n\n<h4 class=\"wp-block-heading\">Jasn\u00e9 ukotven\u00ed v&nbsp;rozkol\u00edsan\u00e9m sv\u011bt\u011b<\/h4>\n\n\n\n<p><strong>Cesta Marka \u017den\u00ed\u0161ka je p\u0159edev\u0161\u00edm o&nbsp;<\/strong>prohlouben\u00ed vztah\u016f, kter\u00e9 stoj\u00ed na hodnot\u00e1ch a na&nbsp;vz\u00e1jemn\u00e9 otev\u0159enosti, d\u016fv\u011b\u0159e i dlouhodob\u00e9m respektu, kter\u00e9 Tchaj-wan tolik oce\u0148uje a kter\u00e9 jsou nezbytn\u00e9 pro v\u011bdeckou spolupr\u00e1ci. Vztah\u016f, kter\u00e9 u&nbsp;\u017den\u00ed\u0161ka v&nbsp;p\u0159\u00edpad\u011b mnoha politik\u016f navazuj\u00ed na dlouhodob\u00e1 p\u0159\u00e1telstv\u00ed.<\/p>\n\n\n\n<p>Politick\u00e1 reprezentace Tchaj-wanu&nbsp;<a href=\"https:\/\/www.embo.org\/press-releases\/embo-the-national-science-and-technology-council-and-academia-sinica-of-taiwan-enhance-cooperation\" target=\"_blank\" rel=\"noreferrer noopener\">dlouhodob\u011b prosazuje u\u017e\u0161\u00ed spolupr\u00e1ci s&nbsp;evropsk\u00fdmi demokraciemi<\/a>. Ne v\u0161echny z&nbsp;t\u011bchto demokraci\u00ed v\u0161ak maj\u00ed v\u016fli hlasit\u011b a konzistentn\u011b projevovat, \u017ee o&nbsp;tuto spolupr\u00e1ci stoj\u00ed bez ohledu na mo\u017en\u00e9 geopolitick\u00e9 v\u00fdkyvy.<\/p>\n\n\n\n<p>Tchaj-wan dnes \u010del\u00ed rostouc\u00edmu mocensk\u00e9mu tlaku ze strany \u010c\u00ednsk\u00e9 lidov\u00e9 republiky. Ta si na n\u011bj brous\u00ed zuby jist\u011b i kv\u016fli jeho kl\u00ed\u010dov\u00e9 roli v&nbsp;glob\u00e1ln\u00edm polovodi\u010dov\u00e9m pr\u016fmyslu. \u010c\u00edm v\u00edce k&nbsp;tomu budeme ml\u010det, t\u00edm sn\u00e1ze se v&nbsp;budoucnu Evropa m\u016f\u017ee v&nbsp;tomto sm\u011bru st\u00e1t z\u00e1vislou t\u0159eba pr\u00e1v\u011b na \u010c\u00edn\u011b.<\/p>\n\n\n\n<p>Co je v\u0161ak mo\u017en\u00e1 je\u0161t\u011b d\u016fle\u017eit\u011bj\u0161\u00ed: Porevolu\u010dn\u00ed \u010cesko, nejen po ostudn\u00fdch politick\u00fdch sabot\u00e1\u017e\u00edch Hradu v&nbsp;\u00e9\u0159e Milo\u0161e Zemana, ale i ne\u0161\u0165astn\u00fdch vyt\u00e1\u010dk\u00e1ch n\u011bkter\u00fdch p\u0159edchoz\u00edch vl\u00e1d, je dnes op\u011bt hrd\u00fdm nositelem Havlova a Schwarzenbergova odkazu. M\u00e1me povinnost j\u00edt v&nbsp;tomto sm\u011bru p\u0159\u00edkladem i dal\u0161\u00edm zem\u00edm a uk\u00e1zat jim cestu.<\/p>","protected":false},"excerpt":{"rendered":"<p>St\u00e1t na spr\u00e1vn\u00e9 stran\u011b znamen\u00e1 podporu ekonomick\u00e9, v\u011bdeck\u00e9 i kulturn\u00ed spolupr\u00e1ce s&nbsp;demokratick\u00fdm Tchaj-wanem, kter\u00fd v&nbsp;posledn\u00edch letech v\u00fdznamn\u011b posiluje investice v&nbsp;\u010cesku. V\u00fdznam mise \u201eBl\u00edzk\u00e9 vztahy s&nbsp;Tchaj-wanem jsou pro \u010cesko rok od roku d\u016fle\u017eit\u011bj\u0161\u00ed. D\u00e1vno nejde jen o&nbsp;hodnoty demokracie, ale jde tak\u00e9 o&nbsp;ekonomickou bezpe\u010dnost, siln\u011b spjatou s&nbsp;nez\u00e1vislost\u00ed na zem\u00edch, kter\u00e9 tak r\u00e1dy uplat\u0148uj\u00ed pr\u00e1vo siln\u011bj\u0161\u00edho. Cel\u00fd sv\u011bt [&hellip;]<\/p>","protected":false},"author":8,"featured_media":21935,"comment_status":"closed","ping_status":"closed","sticky":false,"template":"","format":"standard","meta":{"footnotes":""},"categories":[5],"tags":[],"class_list":["post-21934","post","type-post","status-publish","format-standard","has-post-thumbnail","hentry","category-aktuality"],"_links":{"self":[{"href":"https:\/\/new.thinktopaz.cz\/en\/wp-json\/wp\/v2\/posts\/21934","targetHints":{"allow":["GET"]}}],"collection":[{"href":"https:\/\/new.thinktopaz.cz\/en\/wp-json\/wp\/v2\/posts"}],"about":[{"href":"https:\/\/new.thinktopaz.cz\/en\/wp-json\/wp\/v2\/types\/post"}],"author":[{"embeddable":true,"href":"https:\/\/new.thinktopaz.cz\/en\/wp-json\/wp\/v2\/users\/8"}],"replies":[{"embeddable":true,"href":"https:\/\/new.thinktopaz.cz\/en\/wp-json\/wp\/v2\/comments?post=21934"}],"version-history":[{"count":1,"href":"https:\/\/new.thinktopaz.cz\/en\/wp-json\/wp\/v2\/posts\/21934\/revisions"}],"predecessor-version":[{"id":21936,"href":"https:\/\/new.thinktopaz.cz\/en\/wp-json\/wp\/v2\/posts\/21934\/revisions\/21936"}],"wp:featuredmedia":[{"embeddable":true,"href":"https:\/\/new.thinktopaz.cz\/en\/wp-json\/wp\/v2\/media\/21935"}],"wp:attachment":[{"href":"https:\/\/new.thinktopaz.cz\/en\/wp-json\/wp\/v2\/media?parent=21934"}],"wp:term":[{"taxonomy":"category","embeddable":true,"href":"https:\/\/new.thinktopaz.cz\/en\/wp-json\/wp\/v2\/categories?post=21934"},{"taxonomy":"post_tag","embeddable":true,"href":"https:\/\/new.thinktopaz.cz\/en\/wp-json\/wp\/v2\/tags?post=21934"}],"curies":[{"name":"wp","href":"https:\/\/api.w.org\/{rel}","templated":true}]}}