{"id":21990,"date":"2025-12-11T16:30:25","date_gmt":"2025-12-11T15:30:25","guid":{"rendered":"https:\/\/new.thinktopaz.cz\/?p=21990"},"modified":"2026-01-08T15:52:30","modified_gmt":"2026-01-08T14:52:30","slug":"spolu-silnejsi-cesko-bavorsky-dialog-zen-v-plzni","status":"publish","type":"post","link":"https:\/\/new.thinktopaz.cz\/en\/2025\/12\/11\/spolu-silnejsi-cesko-bavorsky-dialog-zen-v-plzni\/","title":{"rendered":"tronger Together: Czech\u2013Bavarian Women\u2019s Dialogue in Pilsen"},"content":{"rendered":"<p>Dne 21. listopadu 2025 prob\u011bhl v Plzni \u010cesko-bavorsk\u00fd dialog \u017een po\u0159\u00e1dan\u00fd politick\u00fdm institutem TOPAZ ve spolupr\u00e1ci s Hanns-Seidel-Stiftung. Setk\u00e1n\u00ed nab\u00eddlo prostor pro \u010desk\u00e9 i bavorsk\u00e9 politi\u010dky, kter\u00e9 si vym\u011bnily zku\u0161enosti z ka\u017edodenn\u00ed politick\u00e9 pr\u00e1ce a diskutovaly o tom, co je motivuje z\u016fst\u00e1vat ve ve\u0159ejn\u00e9m \u017eivot\u011b.\u202f\u00davodn\u00edho slova se ujala Eva \u0160afr\u00e1nkov\u00e1, kter\u00e1 jm\u00e9nem TOPAZ p\u0159iv\u00edtala v\u0161echny \u00fa\u010dastn\u00edce setk\u00e1n\u00ed. D\u00e1le se slova ujal Markus Ehm, \u0159editel Hanns-Seidel-Stiftung v \u010cesk\u00e9 republice, kter\u00fd zd\u016fraznil v\u00fdznam dlouhodob\u00e9 \u010desko-bavorsk\u00e9 spolupr\u00e1ce. \u00da\u010dastnice pozdravil tak\u00e9 Ond\u0159ej \u017den\u00ed\u0161ek, m\u00edstostarosta M\u011bstsk\u00e9ho obvodu Plze\u0148 3.&nbsp;<\/p>\n\n\n\n<p>Debata: pro\u010d j\u00edt do politiky a jak v n\u00ed dlouhodob\u011b obst\u00e1t&nbsp;<\/p>\n\n\n\n<p>Hlavn\u00ed \u010d\u00e1st\u00ed programu byla debata moderovan\u00e1 starostkou Prahy 1\u202fTerezi\u00ed Radom\u011b\u0159skou. Z\u00fa\u010dastnily se j\u00ed poslankyn\u011b Bundestagu Susanne Hierl, b\u00fdval\u00e1 p\u0159edsedkyn\u011b PSP \u010cR Mark\u00e9ta Pekarov\u00e1 Adamov\u00e1, m\u00edstop\u0159edsedkyn\u011b TOP 09 Kate\u0159ina Pastorkov\u00e1, poslankyn\u011b PSP \u010cR Helena Lang\u0161\u00e1dlov\u00e1, b\u00fdval\u00e1 m\u00edstostarostka a poradkyn\u011b Ministra pr\u00e1ce a soci\u00e1ln\u00edch v\u011bc\u00ed Ilona Jehli\u010dkov\u00e1, a m\u00edstostarostka m\u011bsta Plasy Eli\u0161ka Palmov\u00e1. Z Bavorska dorazily dal\u0161\u00ed dv\u011b hostky Bernadette Dechant, zastupitelka Zemsk\u00e9ho sn\u011bmu Horn\u00ed Falc a \u010dlenka m\u011bstsk\u00e9 rady v \u0158ezn\u011b, a Barbara Gerl, \u010dlenka obecn\u00ed rady ve Freudenbergu a krajsk\u00e9ho zastupitelstva Amberg-Sulzbach. Jejich \u00fa\u010dast p\u0159inesla u\u017eite\u010dn\u00e9 srovn\u00e1n\u00ed toho, jak podobn\u00e9 v\u00fdzvy \u0159e\u0161\u00ed \u017eeny v n\u011bmeck\u00e9 a \u010desk\u00e9 politice.\u00a0<\/p>\n\n\n\n<p>Diskuse se zam\u011b\u0159ila hlavn\u011b na motivace, kter\u00e9 \u017eeny do politiky p\u0159iv\u00e1d\u011bj\u00ed, a na to, jak si udr\u017eet energii a odhodl\u00e1n\u00ed i ve chv\u00edl\u00edch, kdy je pr\u00e1ce n\u00e1ro\u010dn\u00e1. \u0158e\u010dnice sd\u00edlely, co pro n\u011b znamen\u00e1 ve\u0159ejn\u00e1 slu\u017eba, jak se rozhodovaly kandidovat a co jim pom\u00e1h\u00e1 p\u0159ekon\u00e1vat obt\u00ed\u017en\u00e9 momenty. Siln\u00fdm t\u00e9matem byla tak\u00e9 ot\u00e1zka\u202fpropojen\u00ed politiky a rodinn\u00e9ho \u017eivota. \u00da\u010dastnice otev\u0159en\u011b mluvily o tom, jak si organizuj\u00ed ka\u017edodenn\u00ed fungov\u00e1n\u00ed, o podpo\u0159e bl\u00edzk\u00fdch a o tom, \u017ee je \u010dasto pot\u0159eba hledat vlastn\u00ed rytmus, aby se pr\u00e1ce dala dlouhodob\u011b zvl\u00e1dat. Debata uk\u00e1zala, \u017ee rozd\u00edly mezi \u010desk\u00fdm a bavorsk\u00fdm prost\u0159ed\u00edm existuj\u00ed sp\u00ed\u0161e v praktick\u00fdch podm\u00ednk\u00e1ch, ne v samotn\u00e9 motivaci \u017een p\u016fsobit ve ve\u0159ejn\u00e9m \u017eivot\u011b.&nbsp;&nbsp;<\/p>\n\n\n\n<p>Ve druh\u00e9 \u010d\u00e1sti programu n\u00e1sledovala s\u00e9rie workshop\u016f. Prvn\u00ed workshop vedla lektorka\u202fLucie Komorousov\u00e1, kter\u00e1 se zam\u011b\u0159ila p\u0159edev\u0161\u00edm na pr\u00e1ci v t\u00fdmu. \u00da\u010dastnice se v\u011bnovaly tomu, jak nastavit spolupr\u00e1ci, jak pracovat s lidmi, kte\u0159\u00ed maj\u00ed odli\u0161n\u00fd styl rozhodov\u00e1n\u00ed nebo komunikace. V navazuj\u00edc\u00edch workshopech otev\u0159ela sociolo\u017eka\u202fNina F\u00e1rov\u00e1\u202ft\u00e9ma rozd\u011blen\u00ed dom\u00e1c\u00ed pr\u00e1ce a dopad\u016f, kter\u00e9 m\u00e1 na zapojen\u00ed \u017een do ve\u0159ejn\u00e9ho \u017eivota. Terapeut\u202fLuk\u00e1\u0161 Kutek\u202fpot\u00e9 vedl setk\u00e1n\u00ed zam\u011b\u0159en\u00e9 na prevenci vyho\u0159en\u00ed, du\u0161evn\u00ed hygienu a techniky, kter\u00e9 pom\u00e1haj\u00ed zvl\u00e1dat dlouhodob\u00fd stres. Workshopy p\u0159inesl velmi praktick\u00e9 tipy, kter\u00e9 lze snadno vyu\u017e\u00edt v ka\u017edodenn\u00edm politick\u00e9m \u017eivot\u011b .&nbsp;&nbsp;<\/p>\n\n\n\n<p>Setk\u00e1n\u00ed nab\u00eddlo otev\u0159en\u00fd pohled na to, jak politick\u00e1 pr\u00e1ce opravdu vypad\u00e1. A tak\u00e9 se potvrdilo, \u017ee podobn\u00e9 aktvity m\u00e1 smysl pom\u00e1haj\u00ed podpo\u0159it \u017eeny, kter\u00e9 v politice p\u016fsob\u00ed, i ty, kter\u00e9 o vstupu teprve uva\u017euj\u00ed.&nbsp;&nbsp;<\/p>\n\n\n\n<p><\/p>","protected":false},"excerpt":{"rendered":"<p>Dne 21. listopadu 2025 prob\u011bhl v Plzni \u010cesko-bavorsk\u00fd dialog \u017een po\u0159\u00e1dan\u00fd politick\u00fdm institutem TOPAZ ve spolupr\u00e1ci s Hanns-Seidel-Stiftung. Setk\u00e1n\u00ed nab\u00eddlo prostor pro \u010desk\u00e9 i bavorsk\u00e9 politi\u010dky, kter\u00e9 si vym\u011bnily zku\u0161enosti z ka\u017edodenn\u00ed politick\u00e9 pr\u00e1ce a diskutovaly o tom, co je motivuje z\u016fst\u00e1vat ve ve\u0159ejn\u00e9m \u017eivot\u011b.\u202f\u00davodn\u00edho slova se ujala Eva \u0160afr\u00e1nkov\u00e1, kter\u00e1 jm\u00e9nem TOPAZ p\u0159iv\u00edtala v\u0161echny [&hellip;]<\/p>","protected":false},"author":8,"featured_media":22019,"comment_status":"closed","ping_status":"","sticky":false,"template":"","format":"standard","meta":{"footnotes":""},"categories":[5],"tags":[],"class_list":["post-21990","post","type-post","status-publish","format-standard","has-post-thumbnail","hentry","category-aktuality"],"_links":{"self":[{"href":"https:\/\/new.thinktopaz.cz\/en\/wp-json\/wp\/v2\/posts\/21990","targetHints":{"allow":["GET"]}}],"collection":[{"href":"https:\/\/new.thinktopaz.cz\/en\/wp-json\/wp\/v2\/posts"}],"about":[{"href":"https:\/\/new.thinktopaz.cz\/en\/wp-json\/wp\/v2\/types\/post"}],"author":[{"embeddable":true,"href":"https:\/\/new.thinktopaz.cz\/en\/wp-json\/wp\/v2\/users\/8"}],"replies":[{"embeddable":true,"href":"https:\/\/new.thinktopaz.cz\/en\/wp-json\/wp\/v2\/comments?post=21990"}],"version-history":[{"count":3,"href":"https:\/\/new.thinktopaz.cz\/en\/wp-json\/wp\/v2\/posts\/21990\/revisions"}],"predecessor-version":[{"id":21994,"href":"https:\/\/new.thinktopaz.cz\/en\/wp-json\/wp\/v2\/posts\/21990\/revisions\/21994"}],"wp:featuredmedia":[{"embeddable":true,"href":"https:\/\/new.thinktopaz.cz\/en\/wp-json\/wp\/v2\/media\/22019"}],"wp:attachment":[{"href":"https:\/\/new.thinktopaz.cz\/en\/wp-json\/wp\/v2\/media?parent=21990"}],"wp:term":[{"taxonomy":"category","embeddable":true,"href":"https:\/\/new.thinktopaz.cz\/en\/wp-json\/wp\/v2\/categories?post=21990"},{"taxonomy":"post_tag","embeddable":true,"href":"https:\/\/new.thinktopaz.cz\/en\/wp-json\/wp\/v2\/tags?post=21990"}],"curies":[{"name":"wp","href":"https:\/\/api.w.org\/{rel}","templated":true}]}}