{"id":22061,"date":"2026-02-05T16:13:47","date_gmt":"2026-02-05T15:13:47","guid":{"rendered":"https:\/\/new.thinktopaz.cz\/?p=22061"},"modified":"2026-02-17T11:37:01","modified_gmt":"2026-02-17T10:37:01","slug":"zenisek-obrana-neni-straseni-je-to-odpovednost","status":"publish","type":"post","link":"https:\/\/new.thinktopaz.cz\/en\/2026\/02\/05\/zenisek-obrana-neni-straseni-je-to-odpovednost\/","title":{"rendered":"\u017den\u00ed\u0161ek: Obrana nen\u00ed stra\u0161en\u00ed. Je to odpov\u011bdnost"},"content":{"rendered":"<p>Znovu se mluv\u00ed o dvourychlostn\u00ed Evrop\u011b. Tentokr\u00e1t velmi konkr\u00e9tn\u011b. Skupina \u0161esti st\u00e1t\u016f EU, v\u010detn\u011b dvou na\u0161ich soused\u016f, chce urychlit budov\u00e1n\u00ed spole\u010dn\u00e9 obrany, prohloubit bezpe\u010dnostn\u00ed spolupr\u00e1ci a pos\u00edlit konkurenceschopnost Evropy. \u010cesk\u00e1 republika u toho nen\u00ed. Na\u0161e vl\u00e1da tvrd\u00ed, \u017ee v\u00fddaje na obranu jsou dostate\u010dn\u00e9 a \u017ee se m\u016f\u017eeme spolehnout na p\u0159\u00e1telstv\u00ed s Ma\u010farskem a Slovenskem.<\/p>\n\n\n\n<p>To je nebezpe\u010dn\u00fd omyl.<\/p>\n\n\n\n<p>Je v bytostn\u00e9m z\u00e1jmu \u010cesk\u00e9 republiky pat\u0159it do rychlej\u0161\u00edho pruhu Evropy. Z toho pomalej\u0161\u00edho se toti\u017e velmi snadno sjede \u00fapln\u011b pry\u010d \u2013 nebo se v n\u011bm skon\u010d\u00ed na odstavn\u00e9m pruhu. A to si \u010cesko nem\u016f\u017ee dovolit ani ekonomicky, ani bezpe\u010dnostn\u011b.<\/p>\n\n\n\n<p>Kdy\u017e Andrej Babi\u0161 \u0159\u00edk\u00e1, \u017ee nem\u00e1me \u017e\u00e1dn\u00e9 z\u00e1vazky v\u016f\u010di NATO, nesly\u0161\u00ed to jen jeho voli\u010di. Sly\u0161\u00ed to i na\u0161i spojenci. A sly\u0161\u00ed to tak\u00e9 Rusko, kter\u00e9 si podobn\u00e1 slova automaticky p\u0159ekl\u00e1d\u00e1 jako sign\u00e1l slabosti. Takov\u00e9 v\u00fdroky nejsou politick\u00fd marketing \u2013 jsou p\u0159\u00edm\u00fdm ohro\u017een\u00edm bezpe\u010dnosti t\u00e9to zem\u011b.<\/p>\n\n\n\n<p>Zat\u00edmco N\u011bmecko otev\u0159en\u011b popisuje mo\u017en\u00e9 krizov\u00e9 sc\u00e9n\u00e1\u0159e, Polsko investuje des\u00edtky miliard korun do protidronov\u00e9 obrany a \u0160v\u00fdcarsko navy\u0161uje obrann\u00fd rozpo\u010det o stovky miliard, u n\u00e1s znovu sly\u0161\u00edme: \u201e\u017d\u00e1dn\u00fd z\u00e1vazek nem\u00e1me.\u201c \u010clenstv\u00ed v NATO pr\u00fd nic neznamen\u00e1. Bezpe\u010dnost se pr\u00fd m\u016f\u017ee odlo\u017eit. Obrana je pr\u00fd jen dal\u0161\u00ed polo\u017eka ke \u0161krt\u016fm.<\/p>\n\n\n\n<p>Tohle nen\u00ed suverenita. To je kr\u00e1tkozrakost a hazard s budoucnost\u00ed \u010cesk\u00e9 republiky.<\/p>\n\n\n\n<p>Zv\u00fd\u0161en\u00e9 v\u00fddaje na obranu nejsou stra\u0161en\u00ed, jak se n\u00e1m n\u011bkdo sna\u017e\u00ed namluvit. Jsou realitou odpov\u011bdn\u00e9 politiky v dob\u011b, kdy se bezpe\u010dnostn\u00ed prost\u0159ed\u00ed v Evrop\u011b dramaticky m\u011bn\u00ed. Nejv\u011bt\u0161\u00edm ohro\u017een\u00edm zem\u011b nejsou ti, kdo na rizika upozor\u0148uj\u00ed, ale ti, kdo je odm\u00edtaj\u00ed vid\u011bt \u2013 a podle toho se tak\u00e9 chovaj\u00ed.<\/p>\n\n\n\n<p>Bezpe\u010dnost st\u00e1tu se ned\u00e1 outsourcovat ani odkl\u00e1dat. A u\u017e v\u016fbec se ned\u00e1 relativizovat lacin\u00fdmi v\u00fdroky o tom, \u017ee vlastn\u011b o nic nejde.<\/p>\n\n\n\n<p>Jde. A jde o hodn\u011b.<\/p>\n\n\n\n<p>Marek \u017den\u00ed\u0161ek, m\u00edstop\u0159edseda TOP 09, poslanec<\/p>\n\n\n\n<p><\/p>","protected":false},"excerpt":{"rendered":"<p>Znovu se mluv\u00ed o dvourychlostn\u00ed Evrop\u011b. Tentokr\u00e1t velmi konkr\u00e9tn\u011b. Skupina \u0161esti st\u00e1t\u016f EU, v\u010detn\u011b dvou na\u0161ich soused\u016f, chce urychlit budov\u00e1n\u00ed spole\u010dn\u00e9 obrany, prohloubit bezpe\u010dnostn\u00ed spolupr\u00e1ci a pos\u00edlit konkurenceschopnost Evropy. \u010cesk\u00e1 republika u toho nen\u00ed. Na\u0161e vl\u00e1da tvrd\u00ed, \u017ee v\u00fddaje na obranu jsou dostate\u010dn\u00e9 a \u017ee se m\u016f\u017eeme spolehnout na p\u0159\u00e1telstv\u00ed s Ma\u010farskem a Slovenskem. To [&hellip;]<\/p>","protected":false},"author":8,"featured_media":20861,"comment_status":"closed","ping_status":"","sticky":false,"template":"","format":"standard","meta":{"footnotes":""},"categories":[5],"tags":[],"class_list":["post-22061","post","type-post","status-publish","format-standard","has-post-thumbnail","hentry","category-aktuality"],"_links":{"self":[{"href":"https:\/\/new.thinktopaz.cz\/en\/wp-json\/wp\/v2\/posts\/22061","targetHints":{"allow":["GET"]}}],"collection":[{"href":"https:\/\/new.thinktopaz.cz\/en\/wp-json\/wp\/v2\/posts"}],"about":[{"href":"https:\/\/new.thinktopaz.cz\/en\/wp-json\/wp\/v2\/types\/post"}],"author":[{"embeddable":true,"href":"https:\/\/new.thinktopaz.cz\/en\/wp-json\/wp\/v2\/users\/8"}],"replies":[{"embeddable":true,"href":"https:\/\/new.thinktopaz.cz\/en\/wp-json\/wp\/v2\/comments?post=22061"}],"version-history":[{"count":3,"href":"https:\/\/new.thinktopaz.cz\/en\/wp-json\/wp\/v2\/posts\/22061\/revisions"}],"predecessor-version":[{"id":22111,"href":"https:\/\/new.thinktopaz.cz\/en\/wp-json\/wp\/v2\/posts\/22061\/revisions\/22111"}],"wp:featuredmedia":[{"embeddable":true,"href":"https:\/\/new.thinktopaz.cz\/en\/wp-json\/wp\/v2\/media\/20861"}],"wp:attachment":[{"href":"https:\/\/new.thinktopaz.cz\/en\/wp-json\/wp\/v2\/media?parent=22061"}],"wp:term":[{"taxonomy":"category","embeddable":true,"href":"https:\/\/new.thinktopaz.cz\/en\/wp-json\/wp\/v2\/categories?post=22061"},{"taxonomy":"post_tag","embeddable":true,"href":"https:\/\/new.thinktopaz.cz\/en\/wp-json\/wp\/v2\/tags?post=22061"}],"curies":[{"name":"wp","href":"https:\/\/api.w.org\/{rel}","templated":true}]}}