{"id":22123,"date":"2026-02-27T10:58:13","date_gmt":"2026-02-27T09:58:13","guid":{"rendered":"https:\/\/thinktopaz.cz\/?p=22123"},"modified":"2026-03-11T18:51:54","modified_gmt":"2026-03-11T17:51:54","slug":"vyhlasujeme-vyzvu-nevzdame-to","status":"publish","type":"post","link":"https:\/\/new.thinktopaz.cz\/en\/2026\/02\/27\/vyhlasujeme-vyzvu-nevzdame-to\/","title":{"rendered":"Vyhla\u0161ujeme\u00a0v\u00fdzvu: Nevzd\u00e1me to\u00a0"},"content":{"rendered":"<p><strong>Kdy?<\/strong>&nbsp;<\/p>\n\n\n\n<p>1. b\u0159ezna \u2013 30. dubna 2026&nbsp;<\/p>\n\n\n\n<p><strong>Co?<\/strong>&nbsp;<br>Zaj\u00edm\u00e1 n\u00e1s, jak dnes vn\u00edm\u00e1\u0161 odvahu a ob\u010danskou odpov\u011bdnost.&nbsp;<br>Co pro tebe znamen\u00e1 hrdinstv\u00ed v ka\u017edodennosti?&nbsp;<br>Kdy ses naposledy ozval\/a \u2013 nebo kdy sis p\u0159\u00e1l\/a to ud\u011blat?&nbsp;<\/p>\n\n\n\n<p>Sd\u00edlet m\u016f\u017ee\u0161 cokoli, co ti d\u00e1v\u00e1 smysl: kr\u00e1tk\u00e9 video nebo&nbsp;reel, meme, komiks,&nbsp;carousel, fotografii s textem, grafiku, kresbu, kol\u00e1\u017e nebo osobn\u00ed p\u0159\u00edb\u011bh, vzkaz \u010di v\u00fdzvu.&nbsp;<br>Forma je na tob\u011b \u2013 nehled\u00e1me dokonalost. Hled\u00e1me autenticitu, n\u00e1pad a odvahu.&nbsp;<\/p>\n\n\n\n<p>Obsah sout\u011b\u017en\u00edch p\u0159\u00edsp\u011bvk\u016f v\u0161ak nesm\u00ed napl\u0148ovat znaky politick\u00e9 kampan\u011b ani obsahovat propagaci politick\u00fdch stran.<\/p>\n\n\n\n<p><strong>T\u00e9mata, kter\u00e1 n\u00e1s zaj\u00edmaj\u00ed:<\/strong>&nbsp;<\/p>\n\n\n\n<p>Ka\u017edodenn\u00ed odvaha v b\u011b\u017en\u00e9m \u017eivot\u011b \u2013 neb\u00e1t se ozvat, kdy\u017e se zastane\u0161 n\u011bkoho slab\u0161\u00edho nebo p\u0159ehl\u00ed\u017een\u00e9ho, postav\u00ed\u0161 se nespravedlnosti, nen\u00e1visti, dezinformac\u00edm \u010di l\u017e\u00edm, nebo se rozhodne\u0161 neb\u00fdt ticho, i kdy\u017e by to bylo jednodu\u0161\u0161\u00ed.&nbsp;<\/p>\n\n\n\n<p>Odpov\u011bdnost v\u016f\u010di spole\u010dnosti a sv\u011btu kolem n\u00e1s \u2013 p\u00e9\u010de o \u017eivotn\u00ed prost\u0159ed\u00ed, ochrana planety, uv\u011bdomov\u00e1n\u00ed si dopad\u016f vlastn\u00edho jedn\u00e1n\u00ed a snaha m\u011bnit v\u011bci k lep\u0161\u00edmu.&nbsp;<\/p>\n\n\n\n<p>Pokud si \u0159\u00edk\u00e1\u0161 \u201enejsem si jist\u00fd\/\u00e1, jestli je tohle dost\u201c, pravd\u011bpodobn\u011b je. Ob\u010dansk\u00e1 odvaha a ob\u010dansk\u00e1 odpov\u011bdnost za\u010d\u00ednaj\u00ed ve chv\u00edli, kdy se rozhodne\u0161 neb\u00fdt ticho a rozhodne\u0161 se n\u011bco d\u011blat.&nbsp;<\/p>\n\n\n\n<p><strong>Kdo se m\u016f\u017ee zapojit:<\/strong>&nbsp;<\/p>\n\n\n\n<p>Zapojit se mohou mlad\u00ed lid\u00e9 ve dvou v\u011bkov\u00fdch kategori\u00edch:&nbsp;<\/p>\n\n\n\n<p>15\u201317 let&nbsp;<br>18\u201325 let&nbsp;<\/p>\n\n\n\n<p>Nen\u00ed pot\u0159eba \u017e\u00e1dn\u00e1 p\u0159edchoz\u00ed zku\u0161enost s aktivismem, politikou ani tvorbou obsahu. D\u016fle\u017eit\u00fd je tv\u016fj hlas a pohled na sv\u011bt.&nbsp;<\/p>\n\n\n\n<p><strong>Jak se zapojit:<\/strong>&nbsp;<\/p>\n\n\n\n<p>Zapojen\u00ed je jednoduch\u00e9:&nbsp;<\/p>\n\n\n\n<ol start=\"1\" class=\"wp-block-list\">\n<li>Vytvo\u0159 p\u0159\u00edsp\u011bvek na Instagramu (reel, video,&nbsp;carousel, fotografii apod.) na t\u00e9ma odvahy a ob\u010dansk\u00e9 odpov\u011bdnosti.&nbsp;<\/li>\n<\/ol>\n\n\n\n<ol start=\"2\" class=\"wp-block-list\">\n<li>Ve sv\u00e9m p\u0159\u00edsp\u011bvku ozna\u010d profil @nevzdame_to, pozvi profil @nevzdame_to ke spolupr\u00e1ci (funkce \u201eSpolupracovn\u00edk\u201c) \u2013 spolupr\u00e1ci mus\u00ed profil @nevzdame_to p\u0159ijmout \u2013 a pou\u017eij hashtag #NevzdameTo&nbsp;<\/li>\n<\/ol>\n\n\n\n<ol start=\"3\" class=\"wp-block-list\">\n<li>P\u0159\u00edsp\u011bvek mus\u00ed z\u016fstat ve\u0159ejn\u00fd po celou dobu trv\u00e1n\u00ed v\u00fdzvy.&nbsp;<\/li>\n<\/ol>\n\n\n\n<p>Vybran\u00e9 p\u0159\u00edsp\u011bvky budou sd\u00edleny na profilu @nevzdame_to. Pr\u00e1v\u011b zde se bude m\u011b\u0159it jejich dosah a m\u00edra zapojen\u00ed publika.&nbsp;<\/p>\n\n\n\n<p><strong>Jak se bude hodnotit:<\/strong>&nbsp;<\/p>\n\n\n\n<p>V ka\u017ed\u00e9 v\u011bkov\u00e9 kategorii vyhraje p\u0159\u00edsp\u011bvek, kter\u00fd z\u00edsk\u00e1 nejvy\u0161\u0161\u00ed m\u00edru zapojen\u00ed publika na profilu @nevzdame_to.&nbsp;&nbsp;<\/p>\n\n\n\n<p>M\u00edra zapojen\u00ed se hodnot\u00ed podle po\u010dtu srd\u00ed\u010dek, po\u010dtu koment\u00e1\u0159\u016f, po\u010dtu sd\u00edlen\u00ed a celkov\u00e9ho dosahu. Hlavn\u00edm krit\u00e9riem je po\u010det srd\u00ed\u010dek. V p\u0159\u00edpad\u011b shody rozhoduje vy\u0161\u0161\u00ed po\u010det koment\u00e1\u0159\u016f, pot\u00e9 po\u010det sd\u00edlen\u00ed a n\u00e1sledn\u011b dosah.&nbsp;<\/p>\n\n\n\n<p>Po\u010d\u00edtaj\u00ed se pouze interakce na p\u0159\u00edsp\u011bvc\u00edch zve\u0159ejn\u011bn\u00fdch nebo sd\u00edlen\u00fdch na profilu @nevzdame_to.&nbsp;<\/p>\n\n\n\n<p>Zvl\u00e1\u0161tn\u00ed ocen\u011bn\u00ed vyb\u00edr\u00e1 organiz\u00e1tor z p\u0159\u00edsp\u011bvk\u016f, kter\u00e9 n\u00e1s n\u011b\u010d\u00edm v\u00fdjime\u010dn\u011b oslov\u00ed, i kdy\u017e se neum\u00edst\u00ed na prvn\u00edm&nbsp;m\u00edst\u011b. Hodnot\u00edme p\u0159edev\u0161\u00edm autenticitu, originalitu, s\u00edlu sd\u011blen\u00ed a spole\u010densk\u00fd p\u0159esah. Nejde o po\u010det lajk\u016f, ale o odvahu, n\u00e1pad a dopad. Ocenit chceme p\u0159\u00edsp\u011bvky, kter\u00e9 dok\u00e1\u017eou inspirovat a d\u00e1t ostatn\u00edm chu\u0165 neb\u00fdt ticho.&nbsp;<\/p>\n\n\n\n<p><strong>Pro\u010d do toho j\u00edt \u2013 ceny:<\/strong>&nbsp;<\/p>\n\n\n\n<p><em>Hlavn\u00ed cena pro v\u011bkovou&nbsp;kategorii&nbsp;18\u201325 let<\/em>&nbsp;<\/p>\n\n\n\n<p>Z\u00e1jezd pro dv\u011b osoby do Evropsk\u00e9ho parlamentu v\u202fBruselu&nbsp;spojen\u00fd s diskus\u00ed o demokracii, Evrop\u011b a ob\u010dansk\u00e9 odvaze&nbsp;s\u202fLu\u010fkem&nbsp;Niedermayerem.&nbsp;<\/p>\n\n\n\n<p><em>Hlavn\u00ed cena pro v\u011bkovou&nbsp;kategorii&nbsp;15\u201317 let<\/em>&nbsp;<\/p>\n\n\n\n<p>Den s Mat\u011bjem Ond\u0159ejem Havlem \u2013 mo\u017enost debatovat o p\u0159edsedou \u0161kolsk\u00e9ho v\u00fdboru Poslaneck\u00e9 sn\u011bmovny o vzd\u011bl\u00e1vac\u00ed politice a vid\u011bt, jak vznikaj\u00ed z\u00e1kony t\u00fdkaj\u00edc\u00ed se \u0161kol.&nbsp;<\/p>\n\n\n\n<p><em>Zvl\u00e1\u0161tn\u00ed&nbsp;ocen\u011bn\u00ed&nbsp;pro ob\u011b v\u011bkov\u00e9 kategorie<\/em>:&nbsp;<\/p>\n\n\n\n<ul class=\"wp-block-list\">\n<li>Prohl\u00eddka Poslaneck\u00e9 sn\u011bmovny se&nbsp;Zde\u0148kou&nbsp;Bli\u0161\u0165anovou,&nbsp;Markem \u017den\u00ed\u0161kem&nbsp;a&nbsp;Kate\u0159inou Pastorkovou \u2013 jedine\u010dn\u00e1 p\u0159\u00edle\u017eitost poznat fungov\u00e1n\u00ed parlamentu ze z\u00e1kulis\u00ed&nbsp;<\/li>\n<\/ul>\n\n\n\n<ul class=\"wp-block-list\">\n<li>Prohl\u00eddka Sen\u00e1tu se sen\u00e1torem Janem&nbsp;Grulichem&nbsp;&#8211;&nbsp;komentovan\u00e1&nbsp;n\u00e1v\u0161t\u011bva historick\u00fdch prostor horn\u00ed komory Parlamentu, mo\u017enost nahl\u00e9dnout do jej\u00ed role v legislativn\u00edm procesu a debatovat o tom, jak Sen\u00e1t ovliv\u0148uje podobu z\u00e1kon\u016f i ve\u0159ejnou debatu&nbsp;<\/li>\n<\/ul>\n\n\n\n<ul class=\"wp-block-list\">\n<li>N\u00e1v\u0161t\u011bva radnice Prahy 1 a osobn\u00ed debata se starostkou Terezi\u00ed&nbsp;Radom\u011b\u0159skou&nbsp;&#8211; jedine\u010dn\u00e1&nbsp;mo\u017enost&nbsp;zjistit, jak se \u0159\u00edd\u00ed centrum Prahy a jak vznikaj\u00ed kl\u00ed\u010dov\u00e1 rozhodnut\u00ed.&nbsp;<\/li>\n<\/ul>\n\n\n\n<ul class=\"wp-block-list\">\n<li>Den s jednotkou sboru dobrovoln\u00fdch hasi\u010d\u016f Praha 1.&nbsp;<\/li>\n<\/ul>\n\n\n\n<ul class=\"wp-block-list\">\n<li>Bal\u00ed\u010dek&nbsp;d\u00e1rk\u016f z Evropsk\u00e9ho parlamentu od Ond\u0159eje Kol\u00e1\u0159e a Lu\u010fka&nbsp;Niedermayera&nbsp;<\/li>\n<\/ul>\n\n\n\n<ul class=\"wp-block-list\">\n<li>Kni\u017en\u00ed d\u00e1rek&nbsp;<\/li>\n<\/ul>\n\n\n\n<p>V\u0161ichni ocen\u011bn\u00ed z\u00edsk\u00e1vaj\u00ed vstupenku&nbsp;na\u202fSv\u011bt knihy 2026, kde prob\u011bhne p\u0159ed\u00e1n\u00ed cen.&nbsp;<\/p>\n\n\n\n<p><strong>Slavnostn\u00ed p\u0159ed\u00e1n\u00ed cen<\/strong>&nbsp;<\/p>\n\n\n\n<p>Slavnostn\u00ed p\u0159ed\u00e1n\u00ed cen prob\u011bhne 16. kv\u011btna 2026 od 17:00 do 18:50 na festivalu Sv\u011bt knihy 2026, v r\u00e1mci panelu Evropsk\u00e9 p\u0159\u00edb\u011bhy odvahy.&nbsp;<\/p>\n\n\n\n<p><strong>D\u016fle\u017eit\u00e9 informace<\/strong>&nbsp;<\/p>\n\n\n\n<ul class=\"wp-block-list\">\n<li>Konkr\u00e9tn\u00ed term\u00edny n\u00e1v\u0161t\u011bv instituc\u00ed budou up\u0159esn\u011bny.&nbsp;<\/li>\n<\/ul>\n\n\n\n<ul class=\"wp-block-list\">\n<li>Po\u0159adatel si vyhrazuje pr\u00e1vo upravit ceny z organiza\u010dn\u00edch nebo kapacitn\u00edch d\u016fvod\u016f.&nbsp;<\/li>\n<\/ul>\n\n\n\n<ul class=\"wp-block-list\">\n<li>\u00da\u010dast\u00ed ve v\u00fdzv\u011b&nbsp;\u00fa\u010dastn\u00edci souhlas\u00ed se zve\u0159ejn\u011bn\u00edm sv\u00e9 pr\u00e1ce v r\u00e1mci projektu Nevzd\u00e1me to na soci\u00e1ln\u00edch s\u00edt\u00edch, webu a v propaga\u010dn\u00edch materi\u00e1lech.&nbsp;<\/li>\n<\/ul>\n\n\n\n<ul class=\"wp-block-list\">\n<li>\u00da\u010dast\u00ed ve v\u00fdzv\u011b&nbsp;\u00fa\u010dastn\u00edci souhlas\u00ed s uchov\u00e1n\u00edm a zpracov\u00e1n\u00edm osobn\u00edch \u00fadaj\u016f po\u0159adatelem za \u00fa\u010delem realizace sout\u011b\u017ee, vyhodnocen\u00ed a p\u0159ed\u00e1n\u00ed cen, v souladu s&nbsp;platnou legislativou o ochran\u011b osobn\u00edch \u00fadaj\u016f.&nbsp;<\/li>\n<\/ul>\n\n\n\n<ul class=\"wp-block-list\">\n<li>Organiz\u00e1tor si vyhrazuje pr\u00e1vo ur\u010dit dr\u017eitele ocen\u011bn\u00ed&nbsp;mimo dv\u011b hlavn\u00ed ceny&nbsp;na z\u00e1klad\u011b vlastn\u00edho posouzen\u00ed. Rozhodnut\u00ed&nbsp;organiz\u00e1tora&nbsp;je kone\u010dn\u00e9.&nbsp;<\/li>\n<\/ul>\n\n\n\n<ul class=\"wp-block-list\">\n<li>Organiz\u00e1tor si vyhrazuje pr\u00e1vo nep\u0159ijmout spolupr\u00e1ci u p\u0159\u00edsp\u011bvk\u016f, kter\u00e9 jsou v rozporu s hodnotami projektu Nevzd\u00e1me to nebo poru\u0161uj\u00ed pravidla platformy Instagram.&nbsp;<\/li>\n<\/ul>\n\n\n\n<figure class=\"wp-block-image size-large\"><img fetchpriority=\"high\" decoding=\"async\" width=\"726\" height=\"1024\" src=\"https:\/\/thinktopaz.cz\/wp-content\/uploads\/2026\/02\/Pozvanka-Pada-demokracie-7-726x1024.png\" alt=\"\" class=\"wp-image-22129\" srcset=\"https:\/\/new.thinktopaz.cz\/wp-content\/uploads\/2026\/02\/Pozvanka-Pada-demokracie-7-726x1024.png 726w, https:\/\/new.thinktopaz.cz\/wp-content\/uploads\/2026\/02\/Pozvanka-Pada-demokracie-7-213x300.png 213w, https:\/\/new.thinktopaz.cz\/wp-content\/uploads\/2026\/02\/Pozvanka-Pada-demokracie-7-768x1083.png 768w, https:\/\/new.thinktopaz.cz\/wp-content\/uploads\/2026\/02\/Pozvanka-Pada-demokracie-7-1090x1536.png 1090w, https:\/\/new.thinktopaz.cz\/wp-content\/uploads\/2026\/02\/Pozvanka-Pada-demokracie-7-9x12.png 9w, https:\/\/new.thinktopaz.cz\/wp-content\/uploads\/2026\/02\/Pozvanka-Pada-demokracie-7-600x846.png 600w, https:\/\/new.thinktopaz.cz\/wp-content\/uploads\/2026\/02\/Pozvanka-Pada-demokracie-7.png 1240w\" sizes=\"(max-width: 726px) 100vw, 726px\" \/><\/figure>","protected":false},"excerpt":{"rendered":"<p>Kdy?&nbsp; 1. b\u0159ezna \u2013 30. dubna 2026&nbsp; Co?&nbsp;Zaj\u00edm\u00e1 n\u00e1s, jak dnes vn\u00edm\u00e1\u0161 odvahu a ob\u010danskou odpov\u011bdnost.&nbsp;Co pro tebe znamen\u00e1 hrdinstv\u00ed v ka\u017edodennosti?&nbsp;Kdy ses naposledy ozval\/a \u2013 nebo kdy sis p\u0159\u00e1l\/a to ud\u011blat?&nbsp; Sd\u00edlet m\u016f\u017ee\u0161 cokoli, co ti d\u00e1v\u00e1 smysl: kr\u00e1tk\u00e9 video nebo&nbsp;reel, meme, komiks,&nbsp;carousel, fotografii s textem, grafiku, kresbu, kol\u00e1\u017e nebo osobn\u00ed p\u0159\u00edb\u011bh, vzkaz \u010di [&hellip;]<\/p>","protected":false},"author":8,"featured_media":22128,"comment_status":"closed","ping_status":"","sticky":false,"template":"","format":"standard","meta":{"footnotes":""},"categories":[5],"tags":[],"class_list":["post-22123","post","type-post","status-publish","format-standard","has-post-thumbnail","hentry","category-aktuality"],"_links":{"self":[{"href":"https:\/\/new.thinktopaz.cz\/en\/wp-json\/wp\/v2\/posts\/22123","targetHints":{"allow":["GET"]}}],"collection":[{"href":"https:\/\/new.thinktopaz.cz\/en\/wp-json\/wp\/v2\/posts"}],"about":[{"href":"https:\/\/new.thinktopaz.cz\/en\/wp-json\/wp\/v2\/types\/post"}],"author":[{"embeddable":true,"href":"https:\/\/new.thinktopaz.cz\/en\/wp-json\/wp\/v2\/users\/8"}],"replies":[{"embeddable":true,"href":"https:\/\/new.thinktopaz.cz\/en\/wp-json\/wp\/v2\/comments?post=22123"}],"version-history":[{"count":4,"href":"https:\/\/new.thinktopaz.cz\/en\/wp-json\/wp\/v2\/posts\/22123\/revisions"}],"predecessor-version":[{"id":22131,"href":"https:\/\/new.thinktopaz.cz\/en\/wp-json\/wp\/v2\/posts\/22123\/revisions\/22131"}],"wp:featuredmedia":[{"embeddable":true,"href":"https:\/\/new.thinktopaz.cz\/en\/wp-json\/wp\/v2\/media\/22128"}],"wp:attachment":[{"href":"https:\/\/new.thinktopaz.cz\/en\/wp-json\/wp\/v2\/media?parent=22123"}],"wp:term":[{"taxonomy":"category","embeddable":true,"href":"https:\/\/new.thinktopaz.cz\/en\/wp-json\/wp\/v2\/categories?post=22123"},{"taxonomy":"post_tag","embeddable":true,"href":"https:\/\/new.thinktopaz.cz\/en\/wp-json\/wp\/v2\/tags?post=22123"}],"curies":[{"name":"wp","href":"https:\/\/api.w.org\/{rel}","templated":true}]}}